{"id":6026,"date":"2023-05-10T10:15:29","date_gmt":"2023-05-10T08:15:29","guid":{"rendered":"https:\/\/spd-stadtrat.de\/?p=6026"},"modified":"2023-05-10T10:15:29","modified_gmt":"2023-05-10T08:15:29","slug":"spd-fraktionsvorsitzender-dr-thomas-burger-unterstuetzt-die-sektion-regensburg-des-deutschen-alpenvereins-bei-der-mitgliederversammlung-und-wuerdigt-die-arbeit-des-dav","status":"publish","type":"post","link":"https:\/\/spd-stadtrat.de\/?p=6026","title":{"rendered":"SPD-Fraktionsvorsitzender Dr. Thomas Burger unterst\u00fctzt die Sektion Regensburg des Deutschen Alpenvereins bei der Mitgliederversammlung und w\u00fcrdigt die Arbeit des DAV"},"content":{"rendered":"\n<p><\/p>\n\n\n\n<p><\/p>\n\n\n\n<figure class=\"wp-block-image size-full\"><a href=\"https:\/\/spd-stadtrat.de\/wp-content\/uploads\/2023\/05\/DAV_04.2023-150x150-1.jpg\"><img loading=\"lazy\" width=\"150\" height=\"150\" src=\"https:\/\/spd-stadtrat.de\/wp-content\/uploads\/2023\/05\/DAV_04.2023-150x150-1.jpg\" alt=\"\" class=\"wp-image-6028\"\/><\/a><\/figure>\n\n\n\n<p>Fraktionsvorsitzender Dr. Thomas Burger besuchte die Mitgliederversammlung der Sektion Regensburg des Deutschen Alpenverein e.V. (DAV). \u201eAus voller \u00dcberzeugung unterst\u00fctze ich den DAV. Es ist ein gro\u00dfer und wichtiger Bergsport- und Naturschutzverein mit \u00fcber 19.000 Mitgliedern, der wertvolle Arbeit f\u00fcr Umwelt, Gesundheit und Gemeinschaft leistet\u201c, so Burger.<\/p>\n\n\n\n<p>Als Vertreter von Oberb\u00fcrgermeisterin Gertrud Maltz-Schwarzfischer sowie auch als Mitglied das DAV nahm Burger an der Versammlung teil. Gedacht wurde dabei auch des hochengagierten 1. Vorsitzenden Joachim Kerschensteiner, der im M\u00e4rz pl\u00f6tzlich aus der Mitte des Vereins gerissen wurde.<\/p>\n\n\n\n<p>In den Vorstand nachgew\u00e4hlt wurden Markus R\u00fchr und Manuel H\u00f6llering sowie Lena Fuchs. Herzlichen Gl\u00fcckwunsch und alles Gute! Und ebenso an Rita Friedl als Vertreterin des 1. Vorsitzenden sowie an alle, die in diesem Verein so kr\u00e4ftig anpacken und mitmachen!<\/p>\n\n\n\n<p>Foto: Andrea Leopold<\/p>\n","protected":false},"excerpt":{"rendered":"<p>Fraktionsvorsitzender Dr. Thomas Burger besuchte die Mitgliederversammlung der Sektion Regensburg des Deutschen Alpenverein e.V. (DAV). \u201eAus voller \u00dcberzeugung unterst\u00fctze ich den DAV. Es ist ein gro\u00dfer und wichtiger Bergsport- und Naturschutzverein mit \u00fcber 19.000 Mitgliedern, der wertvolle Arbeit f\u00fcr Umwelt,<\/p>\n","protected":false},"author":3,"featured_media":6027,"comment_status":"closed","ping_status":"open","sticky":false,"template":"","format":"standard","meta":{"ngg_post_thumbnail":0},"categories":[1],"tags":[],"jetpack_featured_media_url":"https:\/\/spd-stadtrat.de\/wp-content\/uploads\/2023\/05\/DAV_04.2023.jpg","_links":{"self":[{"href":"https:\/\/spd-stadtrat.de\/index.php?rest_route=\/wp\/v2\/posts\/6026"}],"collection":[{"href":"https:\/\/spd-stadtrat.de\/index.php?rest_route=\/wp\/v2\/posts"}],"about":[{"href":"https:\/\/spd-stadtrat.de\/index.php?rest_route=\/wp\/v2\/types\/post"}],"author":[{"embeddable":true,"href":"https:\/\/spd-stadtrat.de\/index.php?rest_route=\/wp\/v2\/users\/3"}],"replies":[{"embeddable":true,"href":"https:\/\/spd-stadtrat.de\/index.php?rest_route=%2Fwp%2Fv2%2Fcomments&post=6026"}],"version-history":[{"count":1,"href":"https:\/\/spd-stadtrat.de\/index.php?rest_route=\/wp\/v2\/posts\/6026\/revisions"}],"predecessor-version":[{"id":6029,"href":"https:\/\/spd-stadtrat.de\/index.php?rest_route=\/wp\/v2\/posts\/6026\/revisions\/6029"}],"wp:featuredmedia":[{"embeddable":true,"href":"https:\/\/spd-stadtrat.de\/index.php?rest_route=\/wp\/v2\/media\/6027"}],"wp:attachment":[{"href":"https:\/\/spd-stadtrat.de\/index.php?rest_route=%2Fwp%2Fv2%2Fmedia&parent=6026"}],"wp:term":[{"taxonomy":"category","embeddable":true,"href":"https:\/\/spd-stadtrat.de\/index.php?rest_route=%2Fwp%2Fv2%2Fcategories&post=6026"},{"taxonomy":"post_tag","embeddable":true,"href":"https:\/\/spd-stadtrat.de\/index.php?rest_route=%2Fwp%2Fv2%2Ftags&post=6026"}],"curies":[{"name":"wp","href":"https:\/\/api.w.org\/{rel}","templated":true}]}}