{"id":6030,"date":"2023-05-10T10:34:56","date_gmt":"2023-05-10T08:34:56","guid":{"rendered":"https:\/\/spd-stadtrat.de\/?p=6030"},"modified":"2023-05-10T10:34:56","modified_gmt":"2023-05-10T08:34:56","slug":"bayerns-helden-90-jahre-spd-widerstand-gegen-hitlers-ermaechtigungsgesetz-spd-landtagsvizepraesident-markus-rinderspacher-spricht-in-regensburg-ueber-alfons-bayerer","status":"publish","type":"post","link":"https:\/\/spd-stadtrat.de\/?p=6030","title":{"rendered":"Bayerns Helden: 90 Jahre SPD-Widerstand gegen Hitlers Erm\u00e4chtigungsgesetz \u2013 SPD-Landtagsvizepr\u00e4sident Markus Rinderspacher spricht in Regensburg \u00fcber Alfons Bayerer"},"content":{"rendered":"\n<p><\/p>\n\n\n\n<p><\/p>\n\n\n\n<figure class=\"wp-block-image size-full\"><a href=\"https:\/\/spd-stadtrat.de\/wp-content\/uploads\/2023\/05\/Markus-Rinderpacher-3_Vortrag-SPD-90-Jahre-Widerstand-gegen-Ermaechtigungsgesetz_29.04.2023-150x150-1.jpg\"><img loading=\"lazy\" width=\"150\" height=\"150\" src=\"https:\/\/spd-stadtrat.de\/wp-content\/uploads\/2023\/05\/Markus-Rinderpacher-3_Vortrag-SPD-90-Jahre-Widerstand-gegen-Ermaechtigungsgesetz_29.04.2023-150x150-1.jpg\" alt=\"\" class=\"wp-image-6032\"\/><\/a><\/figure>\n\n\n\n<p>Am 29. April j\u00e4hrte es sich zum 90. Mal, dass 17 SPD-Abgeordnete des bayerischen Landtags 1933 Hitlers Erm\u00e4chtigungsgesetz nicht zustimmten. Unter ihnen der Regensburger SPD-Politiker Alfons Bayerer, der infolgedessen von den Nationalsozialisten in sogenannte Schutzhaft genommen wurde und an deren Folgen im Mai 1940 an Kehlkopf-Tuberkulose verstarb. SPD-Landtagsvizepr\u00e4sident Markus Rinderspacher lie\u00df Leben und #Widerstand der 16 M\u00e4nner und einer Frau, die mutig f\u00fcr die Demokratie eintraten, lebendig werden. In Regensburg galt seine Aufmerksamkeit vor allem Alfons Bayerer, dessen Enkelin Christa Schr\u00f6der bei der #Gedenkveranstaltung anwesend war.<\/p>\n\n\n\n<p>Die rund 50 Zuh\u00f6rerinnen und Zuh\u00f6rer waren betroffen von soviel Mut, den es damals erforderte, f\u00fcr Demokratie und Freiheit einzutreten, etwas, das wir uns heute in unserer Bundesprepublik Deutschland nicht mehr vorstellen k\u00f6nnen. Rinderspacher bezeichnete die 17 Abgeordneten als leuchtende Namen, die am wei\u00df-blauen demokratischen Sternenzelt strahlen und rief dazu auf, auch heute bei antidemokratischen Str\u00f6mungen wachsam zu sein und diesen entgegenzutreten. &#8222;Widerstand gegen Rechts liegt in der DNA der SPD, und darauf k\u00f6nnen wir stolz sein&#8220;, so Rinderspacher unter dem Applaus der Anwesenden. Auch die SPD-Stadtratsfraktion Regensburg bekennt sich klar zu diesen Werten. Die Fraktion war bei der Veranstaltung durch Gesch\u00e4ftsf\u00fchrerin Silvia Gross vertreten.<\/p>\n\n\n\n<p>Foto: Christine Schr\u00f6pf<\/p>\n","protected":false},"excerpt":{"rendered":"<p>Am 29. April j\u00e4hrte es sich zum 90. Mal, dass 17 SPD-Abgeordnete des bayerischen Landtags 1933 Hitlers Erm\u00e4chtigungsgesetz nicht zustimmten. Unter ihnen der Regensburger SPD-Politiker Alfons Bayerer, der infolgedessen von den Nationalsozialisten in sogenannte Schutzhaft genommen wurde und an deren<\/p>\n","protected":false},"author":3,"featured_media":6031,"comment_status":"closed","ping_status":"open","sticky":false,"template":"","format":"standard","meta":{"ngg_post_thumbnail":0},"categories":[1],"tags":[],"jetpack_featured_media_url":"https:\/\/spd-stadtrat.de\/wp-content\/uploads\/2023\/05\/Markus-Rinderpacher-3_Vortrag-SPD-90-Jahre-Widerstand-gegen-Ermaechtigungsgesetz_29.04.2023.jpg","_links":{"self":[{"href":"https:\/\/spd-stadtrat.de\/index.php?rest_route=\/wp\/v2\/posts\/6030"}],"collection":[{"href":"https:\/\/spd-stadtrat.de\/index.php?rest_route=\/wp\/v2\/posts"}],"about":[{"href":"https:\/\/spd-stadtrat.de\/index.php?rest_route=\/wp\/v2\/types\/post"}],"author":[{"embeddable":true,"href":"https:\/\/spd-stadtrat.de\/index.php?rest_route=\/wp\/v2\/users\/3"}],"replies":[{"embeddable":true,"href":"https:\/\/spd-stadtrat.de\/index.php?rest_route=%2Fwp%2Fv2%2Fcomments&post=6030"}],"version-history":[{"count":1,"href":"https:\/\/spd-stadtrat.de\/index.php?rest_route=\/wp\/v2\/posts\/6030\/revisions"}],"predecessor-version":[{"id":6033,"href":"https:\/\/spd-stadtrat.de\/index.php?rest_route=\/wp\/v2\/posts\/6030\/revisions\/6033"}],"wp:featuredmedia":[{"embeddable":true,"href":"https:\/\/spd-stadtrat.de\/index.php?rest_route=\/wp\/v2\/media\/6031"}],"wp:attachment":[{"href":"https:\/\/spd-stadtrat.de\/index.php?rest_route=%2Fwp%2Fv2%2Fmedia&parent=6030"}],"wp:term":[{"taxonomy":"category","embeddable":true,"href":"https:\/\/spd-stadtrat.de\/index.php?rest_route=%2Fwp%2Fv2%2Fcategories&post=6030"},{"taxonomy":"post_tag","embeddable":true,"href":"https:\/\/spd-stadtrat.de\/index.php?rest_route=%2Fwp%2Fv2%2Ftags&post=6030"}],"curies":[{"name":"wp","href":"https:\/\/api.w.org\/{rel}","templated":true}]}}