{"id":6034,"date":"2023-05-10T10:38:36","date_gmt":"2023-05-10T08:38:36","guid":{"rendered":"https:\/\/spd-stadtrat.de\/?p=6034"},"modified":"2023-05-10T10:38:36","modified_gmt":"2023-05-10T08:38:36","slug":"ungebrochen-solidarisch-kundgebung-zum-1-mai","status":"publish","type":"post","link":"https:\/\/spd-stadtrat.de\/?p=6034","title":{"rendered":"Ungebrochen solidarisch! &#8211; Kundgebung zum 1. Mai"},"content":{"rendered":"\n<p><\/p>\n\n\n\n<p><\/p>\n\n\n\n<figure class=\"wp-block-image size-full\"><a href=\"https:\/\/spd-stadtrat.de\/wp-content\/uploads\/2023\/05\/1.-Mai-2023_1-150x150-1.jpg\"><img loading=\"lazy\" width=\"150\" height=\"150\" src=\"https:\/\/spd-stadtrat.de\/wp-content\/uploads\/2023\/05\/1.-Mai-2023_1-150x150-1.jpg\" alt=\"\" class=\"wp-image-6036\"\/><\/a><\/figure>\n\n\n\n<p>Weil Gerechtigkeit und Solidarit\u00e4t z\u00e4hlen: Zahlreiche Teilnehmende machten deutlich, dass dies immer noch Werte sind, auf denen unsere Gesellschaft aufbaut. Nat\u00fcrlich waren die SPD Stadtratsfraktion Regensburg mit dabei. Fraktionsvorsitzender Dr. Thomas Burger f\u00fchrte gemeinsam mit Oberb\u00fcrgermeisterin Gertrud Maltz-Schwarzfischer, der stv. Landr\u00e4tin Petra Lutz, MdB Dr. Carolin Wagner, der Vorsitzenden der BayernSPD Ronja Endres, Bezirkstagskandidat Bruno Lehmeier, J\u00fcrgen Scholz, 1. Bevollm\u00e4chtigter der IG Metall Regensburg, sowie Rico Irmischer, Gesch\u00e4ftsf\u00fchrer der IG Metall Regensburg, den Zug an. Hauptredner J\u00fcrgen Scholz hielt eine z\u00fcndende Ansprache auf dem Haidplatz. Unsere Stadtr\u00e4t*innen Dr. Klaus Rappert, Alexander Irmisch, Hans Holler, Evelyn Kolbe-Stockert sowie Fraktionsgesch\u00e4ftsf\u00fchrerin Silvia Gross reihten sich in den traditionellen Kundgebungsmarsch ein.<\/p>\n\n\n\n<p>Foto: Rupert Karl<\/p>\n","protected":false},"excerpt":{"rendered":"<p>Weil Gerechtigkeit und Solidarit\u00e4t z\u00e4hlen: Zahlreiche Teilnehmende machten deutlich, dass dies immer noch Werte sind, auf denen unsere Gesellschaft aufbaut. Nat\u00fcrlich waren die SPD Stadtratsfraktion Regensburg mit dabei. Fraktionsvorsitzender Dr. Thomas Burger f\u00fchrte gemeinsam mit Oberb\u00fcrgermeisterin Gertrud Maltz-Schwarzfischer, der stv.<\/p>\n","protected":false},"author":3,"featured_media":6035,"comment_status":"closed","ping_status":"open","sticky":false,"template":"","format":"standard","meta":{"ngg_post_thumbnail":0},"categories":[1],"tags":[],"jetpack_featured_media_url":"https:\/\/spd-stadtrat.de\/wp-content\/uploads\/2023\/05\/1.-Mai-2023_1.jpg","_links":{"self":[{"href":"https:\/\/spd-stadtrat.de\/index.php?rest_route=\/wp\/v2\/posts\/6034"}],"collection":[{"href":"https:\/\/spd-stadtrat.de\/index.php?rest_route=\/wp\/v2\/posts"}],"about":[{"href":"https:\/\/spd-stadtrat.de\/index.php?rest_route=\/wp\/v2\/types\/post"}],"author":[{"embeddable":true,"href":"https:\/\/spd-stadtrat.de\/index.php?rest_route=\/wp\/v2\/users\/3"}],"replies":[{"embeddable":true,"href":"https:\/\/spd-stadtrat.de\/index.php?rest_route=%2Fwp%2Fv2%2Fcomments&post=6034"}],"version-history":[{"count":1,"href":"https:\/\/spd-stadtrat.de\/index.php?rest_route=\/wp\/v2\/posts\/6034\/revisions"}],"predecessor-version":[{"id":6037,"href":"https:\/\/spd-stadtrat.de\/index.php?rest_route=\/wp\/v2\/posts\/6034\/revisions\/6037"}],"wp:featuredmedia":[{"embeddable":true,"href":"https:\/\/spd-stadtrat.de\/index.php?rest_route=\/wp\/v2\/media\/6035"}],"wp:attachment":[{"href":"https:\/\/spd-stadtrat.de\/index.php?rest_route=%2Fwp%2Fv2%2Fmedia&parent=6034"}],"wp:term":[{"taxonomy":"category","embeddable":true,"href":"https:\/\/spd-stadtrat.de\/index.php?rest_route=%2Fwp%2Fv2%2Fcategories&post=6034"},{"taxonomy":"post_tag","embeddable":true,"href":"https:\/\/spd-stadtrat.de\/index.php?rest_route=%2Fwp%2Fv2%2Ftags&post=6034"}],"curies":[{"name":"wp","href":"https:\/\/api.w.org\/{rel}","templated":true}]}}