{"id":6048,"date":"2023-05-11T08:16:49","date_gmt":"2023-05-11T06:16:49","guid":{"rendered":"https:\/\/spd-stadtrat.de\/?p=6048"},"modified":"2023-05-11T08:16:50","modified_gmt":"2023-05-11T06:16:50","slug":"gedenken-an-den-90-jahrestag-der-besetzung-der-gewerkschaftshaeuser-durch-die-nationalsozialisten","status":"publish","type":"post","link":"https:\/\/spd-stadtrat.de\/?p=6048","title":{"rendered":"Gedenken an den 90. Jahrestag der Besetzung der Gewerkschaftsh\u00e4user durch die Nationalsozialisten"},"content":{"rendered":"\n<figure class=\"wp-block-image\"><img src=\"https:\/\/spd-stadtrat.de\/wp-content\/uploads\/2023\/05\/2.-Mai-2023_DGB-Gedenken-8_-Zerschlagung-der-Gewerkschaften.jfif_-150x150.jpg\" alt=\"\"\/><\/figure>\n\n\n\n<p><\/p>\n\n\n\n<p>Mit der Macht\u00fcbernahme der Nationalsozialisten im Januar 1933 begannen diese damit, ihre Gegner, zu denen die Gewerkschaften z\u00e4hlten, systematisch auszuschalten. Gewerkschaftsangeh\u00f6rige wurden ohne Angabe von Gr\u00fcnden verhaftet, nachts aus ihren Wohnungen verschleppt oder auf offener Stra\u00dfe zusammengeschlagen. Der 2. Mai 1933 markierte den vollst\u00e4ndigen Zusammenbruch der deutschen Gewerkschaftsbewegung. An diesem Tag besetzten die Schl\u00e4gertrupps der SA und SS in ganz Deutschland die Gewerkschaftsh\u00e4user des Allgemeinen Deutschen Gewerkschaftsbundes (ADGB) und seiner Gewerkschaften. Anl\u00e4sslich dieses Jahrestags am 2. Mai hat der DGB Bayern in einer zentralen Gedenkveranstaltung in Regensburg der tausenden Gewerkschafterinnen und Gewerkschafter gedacht, die von den Nazis in Gef\u00e4ngnisse und Konzentrationslager gesperrt, gefoltert und ermordet wurden. Das Regensburger Gewerkschaftshaus Paradiesgarten ist das einzige der damals besetzten H\u00e4user in Bayern, das bis heute vom DGB und seinen Mitgliedsgewerkschaften genutzt wird. Selbstverst\u00e4ndlich f\u00fcr die SPD Stadtratsfraktion Regensburg und ihren Fraktionsvorsitzenden Dr. Thomas Burger, bei dieser Veranstaltung dabei zu sein. Bei aller Ernsthaftigkeit herrschte doch Freude, dass so viele zu dieser w\u00fcrdigen Gedenkstunde erschienen sind als starkes Zeichen der Solidarit\u00e4t beim Gedenken und als Einsatz f\u00fcr eine wehrhafte Demokratie. Es sprachen Bernhard Stiedl (Vorsitzender DGB Bayern), Dr. Verena di Pasquale (stv. Vorsitzende DGB Bayern), Dr. Hans-Joachim He\u00dfler (Pr\u00e4sident des Oberlandesgerichts M\u00fcnchen und des Bayerischen Verfassungsgerichtshofs) und der Regensburger Historiker Rainer Ehm.<br>Foto: Hans-B\u00f6ckler-Stiftung<\/p>\n","protected":false},"excerpt":{"rendered":"<p>Mit der Macht\u00fcbernahme der Nationalsozialisten im Januar 1933 begannen diese damit, ihre Gegner, zu denen die Gewerkschaften z\u00e4hlten, systematisch auszuschalten. Gewerkschaftsangeh\u00f6rige wurden ohne Angabe von Gr\u00fcnden verhaftet, nachts aus ihren Wohnungen verschleppt oder auf offener Stra\u00dfe zusammengeschlagen. Der 2. Mai<\/p>\n","protected":false},"author":3,"featured_media":6049,"comment_status":"closed","ping_status":"open","sticky":false,"template":"","format":"standard","meta":{"ngg_post_thumbnail":0},"categories":[1],"tags":[],"jetpack_featured_media_url":"https:\/\/spd-stadtrat.de\/wp-content\/uploads\/2023\/05\/2.-Mai-2023_DGB-Gedenken-8_-Zerschlagung-der-Gewerkschaften.jfif_.jpg","_links":{"self":[{"href":"https:\/\/spd-stadtrat.de\/index.php?rest_route=\/wp\/v2\/posts\/6048"}],"collection":[{"href":"https:\/\/spd-stadtrat.de\/index.php?rest_route=\/wp\/v2\/posts"}],"about":[{"href":"https:\/\/spd-stadtrat.de\/index.php?rest_route=\/wp\/v2\/types\/post"}],"author":[{"embeddable":true,"href":"https:\/\/spd-stadtrat.de\/index.php?rest_route=\/wp\/v2\/users\/3"}],"replies":[{"embeddable":true,"href":"https:\/\/spd-stadtrat.de\/index.php?rest_route=%2Fwp%2Fv2%2Fcomments&post=6048"}],"version-history":[{"count":1,"href":"https:\/\/spd-stadtrat.de\/index.php?rest_route=\/wp\/v2\/posts\/6048\/revisions"}],"predecessor-version":[{"id":6050,"href":"https:\/\/spd-stadtrat.de\/index.php?rest_route=\/wp\/v2\/posts\/6048\/revisions\/6050"}],"wp:featuredmedia":[{"embeddable":true,"href":"https:\/\/spd-stadtrat.de\/index.php?rest_route=\/wp\/v2\/media\/6049"}],"wp:attachment":[{"href":"https:\/\/spd-stadtrat.de\/index.php?rest_route=%2Fwp%2Fv2%2Fmedia&parent=6048"}],"wp:term":[{"taxonomy":"category","embeddable":true,"href":"https:\/\/spd-stadtrat.de\/index.php?rest_route=%2Fwp%2Fv2%2Fcategories&post=6048"},{"taxonomy":"post_tag","embeddable":true,"href":"https:\/\/spd-stadtrat.de\/index.php?rest_route=%2Fwp%2Fv2%2Ftags&post=6048"}],"curies":[{"name":"wp","href":"https:\/\/api.w.org\/{rel}","templated":true}]}}