{"id":6051,"date":"2023-05-11T09:40:55","date_gmt":"2023-05-11T07:40:55","guid":{"rendered":"https:\/\/spd-stadtrat.de\/?p=6051"},"modified":"2023-05-11T09:51:56","modified_gmt":"2023-05-11T07:51:56","slug":"dultbierprobe-in-der-hubertushoehe","status":"publish","type":"post","link":"https:\/\/spd-stadtrat.de\/?p=6051","title":{"rendered":"Dultbierprobe in der Hubertush\u00f6he"},"content":{"rendered":"\n<p><\/p>\n\n\n\n<p><\/p>\n\n\n\n<figure class=\"wp-block-image\"><img src=\"https:\/\/spd-stadtrat.de\/wp-content\/uploads\/2023\/05\/Dultbierprobe-1_02.05.2023_Hubertushoehe-150x150.jpg\" alt=\"\"\/><figcaption>Von links: Festwirt Michael Hahn (Vorstandssprecher der Vereinigung der Bayerischen Festwirte), Kneitinger-Braumeister Albert Kellner, SPD-Oberb\u00fcrgermeisterin Gertrud Maltz-Schwarzfischer, SDP-Stadtr\u00e4tin Elisabeth Christoph, SPD-Fraktionsvorsitzender Dr. Thomas Burger<\/figcaption><\/figure>\n\n\n\n<p>Wir freuen uns, dass nach der Coronazeit nun alles wieder m\u00f6glich ist, auch unsere Rengschburger Dult. Vorab gab es die Dultbierprobe in der Hubertush\u00f6he. O&#8217;zapft is! Auf geht&#8217;s zur 6. Jahreszeit! Die SPD-Fraktion w\u00fcnscht allen Dultbesucherinnen- und besuchern sowie den Beschickern der Dult eine sch\u00f6ne Zeit w\u00e4hrend der zwei Wochen vom 12. bis 29. Mai 2023. Kommt zahlreich!<\/p>\n\n\n\n<p>Foto: Dr. Thomas Burger<\/p>\n","protected":false},"excerpt":{"rendered":"<p>Wir freuen uns, dass nach der Coronazeit nun alles wieder m\u00f6glich ist, auch unsere Rengschburger Dult. Vorab gab es die Dultbierprobe in der Hubertush\u00f6he. O&#8217;zapft is! Auf geht&#8217;s zur 6. Jahreszeit! Die SPD-Fraktion w\u00fcnscht allen Dultbesucherinnen- und besuchern sowie den<\/p>\n","protected":false},"author":3,"featured_media":6052,"comment_status":"closed","ping_status":"open","sticky":false,"template":"","format":"standard","meta":{"ngg_post_thumbnail":0},"categories":[1],"tags":[],"jetpack_featured_media_url":"https:\/\/spd-stadtrat.de\/wp-content\/uploads\/2023\/05\/Dultbierprobe-1_02.05.2023_Hubertushoehe.jpg","_links":{"self":[{"href":"https:\/\/spd-stadtrat.de\/index.php?rest_route=\/wp\/v2\/posts\/6051"}],"collection":[{"href":"https:\/\/spd-stadtrat.de\/index.php?rest_route=\/wp\/v2\/posts"}],"about":[{"href":"https:\/\/spd-stadtrat.de\/index.php?rest_route=\/wp\/v2\/types\/post"}],"author":[{"embeddable":true,"href":"https:\/\/spd-stadtrat.de\/index.php?rest_route=\/wp\/v2\/users\/3"}],"replies":[{"embeddable":true,"href":"https:\/\/spd-stadtrat.de\/index.php?rest_route=%2Fwp%2Fv2%2Fcomments&post=6051"}],"version-history":[{"count":2,"href":"https:\/\/spd-stadtrat.de\/index.php?rest_route=\/wp\/v2\/posts\/6051\/revisions"}],"predecessor-version":[{"id":6060,"href":"https:\/\/spd-stadtrat.de\/index.php?rest_route=\/wp\/v2\/posts\/6051\/revisions\/6060"}],"wp:featuredmedia":[{"embeddable":true,"href":"https:\/\/spd-stadtrat.de\/index.php?rest_route=\/wp\/v2\/media\/6052"}],"wp:attachment":[{"href":"https:\/\/spd-stadtrat.de\/index.php?rest_route=%2Fwp%2Fv2%2Fmedia&parent=6051"}],"wp:term":[{"taxonomy":"category","embeddable":true,"href":"https:\/\/spd-stadtrat.de\/index.php?rest_route=%2Fwp%2Fv2%2Fcategories&post=6051"},{"taxonomy":"post_tag","embeddable":true,"href":"https:\/\/spd-stadtrat.de\/index.php?rest_route=%2Fwp%2Fv2%2Ftags&post=6051"}],"curies":[{"name":"wp","href":"https:\/\/api.w.org\/{rel}","templated":true}]}}