{"id":6054,"date":"2023-05-11T09:45:01","date_gmt":"2023-05-11T07:45:01","guid":{"rendered":"https:\/\/spd-stadtrat.de\/?p=6054"},"modified":"2023-05-11T09:45:02","modified_gmt":"2023-05-11T07:45:02","slug":"3-mai-tag-der-pressefreiheit","status":"publish","type":"post","link":"https:\/\/spd-stadtrat.de\/?p=6054","title":{"rendered":"3. Mai \u2013 Tag der Pressefreiheit"},"content":{"rendered":"\n<p><\/p>\n\n\n\n<figure class=\"wp-block-image\"><img src=\"https:\/\/spd-stadtrat.de\/wp-content\/uploads\/2023\/05\/3.-Mai-23-_-Tag-der-Pressefreiheit-150x150.jpg\" alt=\"\"\/><\/figure>\n\n\n\n<p><\/p>\n\n\n\n<p>Gefahrenbilanz Journalismus, derzeitiger Stand f\u00fcr 2023: 5 get\u00f6tete Journalisten, 1 get\u00f6teter Medienmitarbeiter, 540 inhaftierte Journalisten, 20 inhaftiere Medienmitarbeiter &#8211; so die n\u00fcchternen, aktuellen Zahlen der Reporter ohne Grenzen. Der 3. Mai ist seit 1994 der Internationale Tag der Pressefreiheit. Die Freiheit der Medien zu Berichterstattung und Recherche ist essentieller Bestandteil einer funktionierenden Demokratie. Die Deklaration von Windhoek hat die Grundlage f\u00fcr diesen Tag gelegt. Die Erkl\u00e4rung wurde am 3. Mai 1991 auf einem UNO\/UNESCO-Seminar zur F\u00f6rderung einer unabh\u00e4ngigen und pluralistischen Presse in Windhoek, Namibia, verabschiedet. Zentrale Aussage der Erkl\u00e4rung ist, dass freie, pluralistische und unabh\u00e4ngige Medien ein unaufgebbares Merkmal demokratischer Gesellschaften sind.<\/p>\n\n\n\n<p>Mehr Infos: <a href=\"https:\/\/www.reporter-ohne-grenzen.de\/\">https:\/\/www.reporter-ohne-grenzen.de\/<\/a><\/p>\n\n\n\n<p>Foto: Fraktion der Progressiven Allianz der Sozialdemokraten im Europ\u00e4ischen Parlament S&amp;D<\/p>\n","protected":false},"excerpt":{"rendered":"<p>Gefahrenbilanz Journalismus, derzeitiger Stand f\u00fcr 2023: 5 get\u00f6tete Journalisten, 1 get\u00f6teter Medienmitarbeiter, 540 inhaftierte Journalisten, 20 inhaftiere Medienmitarbeiter &#8211; so die n\u00fcchternen, aktuellen Zahlen der Reporter ohne Grenzen. Der 3. Mai ist seit 1994 der Internationale Tag der Pressefreiheit. Die<\/p>\n","protected":false},"author":3,"featured_media":6055,"comment_status":"closed","ping_status":"open","sticky":false,"template":"","format":"standard","meta":{"ngg_post_thumbnail":0},"categories":[1],"tags":[],"jetpack_featured_media_url":"https:\/\/spd-stadtrat.de\/wp-content\/uploads\/2023\/05\/3.-Mai-23-_-Tag-der-Pressefreiheit.jpg","_links":{"self":[{"href":"https:\/\/spd-stadtrat.de\/index.php?rest_route=\/wp\/v2\/posts\/6054"}],"collection":[{"href":"https:\/\/spd-stadtrat.de\/index.php?rest_route=\/wp\/v2\/posts"}],"about":[{"href":"https:\/\/spd-stadtrat.de\/index.php?rest_route=\/wp\/v2\/types\/post"}],"author":[{"embeddable":true,"href":"https:\/\/spd-stadtrat.de\/index.php?rest_route=\/wp\/v2\/users\/3"}],"replies":[{"embeddable":true,"href":"https:\/\/spd-stadtrat.de\/index.php?rest_route=%2Fwp%2Fv2%2Fcomments&post=6054"}],"version-history":[{"count":1,"href":"https:\/\/spd-stadtrat.de\/index.php?rest_route=\/wp\/v2\/posts\/6054\/revisions"}],"predecessor-version":[{"id":6056,"href":"https:\/\/spd-stadtrat.de\/index.php?rest_route=\/wp\/v2\/posts\/6054\/revisions\/6056"}],"wp:featuredmedia":[{"embeddable":true,"href":"https:\/\/spd-stadtrat.de\/index.php?rest_route=\/wp\/v2\/media\/6055"}],"wp:attachment":[{"href":"https:\/\/spd-stadtrat.de\/index.php?rest_route=%2Fwp%2Fv2%2Fmedia&parent=6054"}],"wp:term":[{"taxonomy":"category","embeddable":true,"href":"https:\/\/spd-stadtrat.de\/index.php?rest_route=%2Fwp%2Fv2%2Fcategories&post=6054"},{"taxonomy":"post_tag","embeddable":true,"href":"https:\/\/spd-stadtrat.de\/index.php?rest_route=%2Fwp%2Fv2%2Ftags&post=6054"}],"curies":[{"name":"wp","href":"https:\/\/api.w.org\/{rel}","templated":true}]}}