{"id":6057,"date":"2023-05-11T09:50:15","date_gmt":"2023-05-11T07:50:15","guid":{"rendered":"https:\/\/spd-stadtrat.de\/?p=6057"},"modified":"2023-05-11T09:50:16","modified_gmt":"2023-05-11T07:50:16","slug":"angebot-kostenloser-windelabfallsaecke-fuer-neugeborene-und-personen-mit-inkontinenz-wird-ausgeweitet-spd-initiative-weiterhin-erfolgreich","status":"publish","type":"post","link":"https:\/\/spd-stadtrat.de\/?p=6057","title":{"rendered":"Angebot kostenloser Windelabfalls\u00e4cke f\u00fcr Neugeborene und Personen mit Inkontinenz wird ausgeweitet:\u00a0 SPD-Initiative weiterhin erfolgreich"},"content":{"rendered":"\n<p><\/p>\n\n\n\n<figure class=\"wp-block-image\"><img src=\"https:\/\/spd-stadtrat.de\/wp-content\/uploads\/2023\/05\/Evelyn-Kolbe-Stockert-2021-1k-150x150.jpg\" alt=\"\"\/><\/figure>\n\n\n\n<p><\/p>\n\n\n\n<p>Im vergangenen Ausschuss f\u00fcr Umweltfragen, Natur- und Klimaschutz stimmten alle Fraktionen und Einzelstadtr\u00e4te, mit Ausnahme der AfD, der Vorlage f\u00fcr eine Ausweitung des Angebots von kostenlosen Windelabfalls\u00e4cken f\u00fcr Neugeborene und Personen mit Inkontinenz zu. 2019 hatte die SPD den Antrag gestellt, ein Konzept zum Thema Windelabfallsack zu erarbeiten. Dies wurde Ende 2020 schlie\u00dflich vom Stadtrat beschlossen. Seither wurde dieser Beschlussvorschlag von 2020 schrittweise weiter verbessert, so dass der Service nicht mehr nur f\u00fcr pflegebed\u00fcrftige Erwachsene gilt, sondern bereits 2022 auch die von Inkontinenz Betroffenen in den Kreis der Berechtigten aufgenommen wurden. An das Thema Stoffwindeln wurde ebenfalls gedacht. Die neu beschlossene Ausweitung sieht nun statt einer einmaligen eine j\u00e4hrliche Ausgabe der S\u00e4cke f\u00fcr Personen mit Inkontinenz vor. Hintergrund der SPD-Initiative war, die finanzielle Belastung der betroffenen Personengruppen abzumildern.<\/p>\n\n\n\n<p>Die anfangs von einigen Stadtr\u00e4tinnen und Stadtr\u00e4ten bef\u00fcrchtete finanzielle Belastung f\u00fcr den st\u00e4dtischen Haushalt hatte sich als gegenstandslos erwiesen. \u201eDie Geburtenrate war niedriger als angenommen, nicht alle Familien und inkontinente Personen haben von dem Angebot Gebrauch gemacht, Druckkosten konnten gespart und der Verwaltungsaufwand reduziert werden\u201c, fasst SPD-Sozialstadtr\u00e4tin und Mitinitiatorin Evelyn Kolbe-Stockert die positive Evaluierung des Projekts zusammen. Daher sei jetzt das nochmalig erweiterte Angebot m\u00f6glich, dass inkontinente pflegebed\u00fcrftige Personen j\u00e4hrlich acht kostenlose Restm\u00fclls\u00e4cke erhalten k\u00f6nnen. Kolbe-Stockert: \u201eIch freue mich sehr, dass aus dem zun\u00e4chst geplanten einmaligen Angebot nun ein j\u00e4hrliches werden konnte.\u201c<\/p>\n\n\n\n<p>Fraktionsvorsitzender Dr. Thomas Burger zeigt sich ebenfalls erfreut \u00fcber diese nun m\u00f6gliche gewordene zus\u00e4tzliche finanzielle Entlastung f\u00fcr die Betroffenen und unterst\u00fctzt die Anregung des Amtes f\u00fcr Soziales sowie des Seniorenamtes, noch mehr Werbung f\u00fcr die Restm\u00fclls\u00e4cke bei Inkontinenz zu machen. \u201eBeispielhaft ist hier der Einsatz der Windelabfalls\u00e4cke f\u00fcr Kinder. Familien mit Neugeborenen bekommen mit einem Willkommensschreiben von Oberb\u00fcrgermeisterin Gertrud Maltz-Schwarzfischer zugleich einen Gutschein f\u00fcr drei Abfalls\u00e4cke \u00fcbersandt. Mehr Informationen f\u00fcr den nun erweiterten Personenkreis w\u00e4ren daher sehr positiv zu sehen. Je mehr Menschen dieses Angebot erreicht, umso mehr k\u00f6nnen wir damit helfen.\u201c Berechtigt seien alle betroffenen Personen mit Hauptwohnsitz in Regensburg mit Ausnahme von Personen in Pflegeeinrichtungen.<\/p>\n\n\n\n<p>Foto: Petra Homeier<\/p>\n","protected":false},"excerpt":{"rendered":"<p>Im vergangenen Ausschuss f\u00fcr Umweltfragen, Natur- und Klimaschutz stimmten alle Fraktionen und Einzelstadtr\u00e4te, mit Ausnahme der AfD, der Vorlage f\u00fcr eine Ausweitung des Angebots von kostenlosen Windelabfalls\u00e4cken f\u00fcr Neugeborene und Personen mit Inkontinenz zu. 2019 hatte die SPD den Antrag<\/p>\n","protected":false},"author":3,"featured_media":6058,"comment_status":"closed","ping_status":"open","sticky":false,"template":"","format":"standard","meta":{"ngg_post_thumbnail":0},"categories":[1],"tags":[],"jetpack_featured_media_url":"https:\/\/spd-stadtrat.de\/wp-content\/uploads\/2023\/05\/Evelyn-Kolbe-Stockert-2021-1k.jpg","_links":{"self":[{"href":"https:\/\/spd-stadtrat.de\/index.php?rest_route=\/wp\/v2\/posts\/6057"}],"collection":[{"href":"https:\/\/spd-stadtrat.de\/index.php?rest_route=\/wp\/v2\/posts"}],"about":[{"href":"https:\/\/spd-stadtrat.de\/index.php?rest_route=\/wp\/v2\/types\/post"}],"author":[{"embeddable":true,"href":"https:\/\/spd-stadtrat.de\/index.php?rest_route=\/wp\/v2\/users\/3"}],"replies":[{"embeddable":true,"href":"https:\/\/spd-stadtrat.de\/index.php?rest_route=%2Fwp%2Fv2%2Fcomments&post=6057"}],"version-history":[{"count":1,"href":"https:\/\/spd-stadtrat.de\/index.php?rest_route=\/wp\/v2\/posts\/6057\/revisions"}],"predecessor-version":[{"id":6059,"href":"https:\/\/spd-stadtrat.de\/index.php?rest_route=\/wp\/v2\/posts\/6057\/revisions\/6059"}],"wp:featuredmedia":[{"embeddable":true,"href":"https:\/\/spd-stadtrat.de\/index.php?rest_route=\/wp\/v2\/media\/6058"}],"wp:attachment":[{"href":"https:\/\/spd-stadtrat.de\/index.php?rest_route=%2Fwp%2Fv2%2Fmedia&parent=6057"}],"wp:term":[{"taxonomy":"category","embeddable":true,"href":"https:\/\/spd-stadtrat.de\/index.php?rest_route=%2Fwp%2Fv2%2Fcategories&post=6057"},{"taxonomy":"post_tag","embeddable":true,"href":"https:\/\/spd-stadtrat.de\/index.php?rest_route=%2Fwp%2Fv2%2Ftags&post=6057"}],"curies":[{"name":"wp","href":"https:\/\/api.w.org\/{rel}","templated":true}]}}