{"id":6061,"date":"2023-05-11T09:58:18","date_gmt":"2023-05-11T07:58:18","guid":{"rendered":"https:\/\/spd-stadtrat.de\/?p=6061"},"modified":"2023-05-11T09:58:18","modified_gmt":"2023-05-11T07:58:18","slug":"festakt-zum-30-jaehrigen-jubilaeum-des-jugendzentrums-arena","status":"publish","type":"post","link":"https:\/\/spd-stadtrat.de\/?p=6061","title":{"rendered":"Festakt zum 30-j\u00e4hrigen Jubil\u00e4um des Jugendzentrums Arena"},"content":{"rendered":"\n<p><\/p>\n\n\n\n<figure class=\"wp-block-image\"><img src=\"https:\/\/spd-stadtrat.de\/wp-content\/uploads\/2023\/05\/Eroeffnung-Festakt-Jugendzentrum-Arena4_6.5.2023-150x150.jpg\" alt=\"\"\/><\/figure>\n\n\n\n<p><\/p>\n\n\n\n<p>SPD-Fraktionsvorsitzender Dr. Thomas Burger er\u00f6ffnete in Vertretung von Oberb\u00fcrgermeisterin Gertrud Maltz-Schwarzfischer gemeinsam mit Annerose Raith, Leiterin des Amtes f\u00fcr kommunale Jugendarbeit, sowie Nirja Gebhard, Leiterin des Jugendzentrums Arena den Festakt anl\u00e4sslich des 30-j\u00e4hrigen Jubil\u00e4ums der Jugendeinrichtung. Anschlie\u00dfend ging die Feier in ein Sommerfest auf dem Au\u00dfengel\u00e4nde mit zahlreichen Angeboten f\u00fcr Kinder, Jugendliche und Familien \u00fcber. Mit dabei auch unsere Sozialstadtr\u00e4tin Evelyn Kolbe-Stockert.<\/p>\n\n\n\n<p>Foto: Evelyn Kolbe-Stockert<\/p>\n","protected":false},"excerpt":{"rendered":"<p>SPD-Fraktionsvorsitzender Dr. Thomas Burger er\u00f6ffnete in Vertretung von Oberb\u00fcrgermeisterin Gertrud Maltz-Schwarzfischer gemeinsam mit Annerose Raith, Leiterin des Amtes f\u00fcr kommunale Jugendarbeit, sowie Nirja Gebhard, Leiterin des Jugendzentrums Arena den Festakt anl\u00e4sslich des 30-j\u00e4hrigen Jubil\u00e4ums der Jugendeinrichtung. Anschlie\u00dfend ging die Feier<\/p>\n","protected":false},"author":3,"featured_media":6062,"comment_status":"closed","ping_status":"open","sticky":false,"template":"","format":"standard","meta":{"ngg_post_thumbnail":0},"categories":[1],"tags":[],"jetpack_featured_media_url":"https:\/\/spd-stadtrat.de\/wp-content\/uploads\/2023\/05\/Eroeffnung-Festakt-Jugendzentrum-Arena4_6.5.2023.jpg","_links":{"self":[{"href":"https:\/\/spd-stadtrat.de\/index.php?rest_route=\/wp\/v2\/posts\/6061"}],"collection":[{"href":"https:\/\/spd-stadtrat.de\/index.php?rest_route=\/wp\/v2\/posts"}],"about":[{"href":"https:\/\/spd-stadtrat.de\/index.php?rest_route=\/wp\/v2\/types\/post"}],"author":[{"embeddable":true,"href":"https:\/\/spd-stadtrat.de\/index.php?rest_route=\/wp\/v2\/users\/3"}],"replies":[{"embeddable":true,"href":"https:\/\/spd-stadtrat.de\/index.php?rest_route=%2Fwp%2Fv2%2Fcomments&post=6061"}],"version-history":[{"count":1,"href":"https:\/\/spd-stadtrat.de\/index.php?rest_route=\/wp\/v2\/posts\/6061\/revisions"}],"predecessor-version":[{"id":6063,"href":"https:\/\/spd-stadtrat.de\/index.php?rest_route=\/wp\/v2\/posts\/6061\/revisions\/6063"}],"wp:featuredmedia":[{"embeddable":true,"href":"https:\/\/spd-stadtrat.de\/index.php?rest_route=\/wp\/v2\/media\/6062"}],"wp:attachment":[{"href":"https:\/\/spd-stadtrat.de\/index.php?rest_route=%2Fwp%2Fv2%2Fmedia&parent=6061"}],"wp:term":[{"taxonomy":"category","embeddable":true,"href":"https:\/\/spd-stadtrat.de\/index.php?rest_route=%2Fwp%2Fv2%2Fcategories&post=6061"},{"taxonomy":"post_tag","embeddable":true,"href":"https:\/\/spd-stadtrat.de\/index.php?rest_route=%2Fwp%2Fv2%2Ftags&post=6061"}],"curies":[{"name":"wp","href":"https:\/\/api.w.org\/{rel}","templated":true}]}}