{"id":6064,"date":"2023-05-11T10:01:20","date_gmt":"2023-05-11T08:01:20","guid":{"rendered":"https:\/\/spd-stadtrat.de\/?p=6064"},"modified":"2023-05-11T10:01:20","modified_gmt":"2023-05-11T08:01:20","slug":"8-mai-tag-der-befreiung","status":"publish","type":"post","link":"https:\/\/spd-stadtrat.de\/?p=6064","title":{"rendered":"8. Mai &#8211; Tag der Befreiung"},"content":{"rendered":"\n<p><\/p>\n\n\n\n<figure class=\"wp-block-image\"><img src=\"https:\/\/spd-stadtrat.de\/wp-content\/uploads\/2023\/05\/8.-Mai_Tag-der-Befreiung-150x150.jpg\" alt=\"\"\/><\/figure>\n\n\n\n<p><\/p>\n\n\n\n<p>Wir erinnern am 8. Mai an die bedingungslose Kapitulation durch die Wehrmacht. An diesem Tag fand die Befreiung von der Herrschaft der Nationalsozialisten statt. Das Ende des Zweiten Weltkriegs war f\u00fcr Deutschland zugleich der Beginn von Freiheit und Demokratie, die es immer wieder neu zu leben, zu gestalten und zu sch\u00fctzen gilt. F\u00fcr die SPD Mahnung und Auftrag.<\/p>\n\n\n\n<p>Foto: SPD-Ortsverein Elten<\/p>\n","protected":false},"excerpt":{"rendered":"<p>Wir erinnern am 8. Mai an die bedingungslose Kapitulation durch die Wehrmacht. An diesem Tag fand die Befreiung von der Herrschaft der Nationalsozialisten statt. Das Ende des Zweiten Weltkriegs war f\u00fcr Deutschland zugleich der Beginn von Freiheit und Demokratie, die<\/p>\n","protected":false},"author":3,"featured_media":6065,"comment_status":"closed","ping_status":"open","sticky":false,"template":"","format":"standard","meta":{"ngg_post_thumbnail":0},"categories":[1],"tags":[],"jetpack_featured_media_url":"https:\/\/spd-stadtrat.de\/wp-content\/uploads\/2023\/05\/8.-Mai_Tag-der-Befreiung.jpg","_links":{"self":[{"href":"https:\/\/spd-stadtrat.de\/index.php?rest_route=\/wp\/v2\/posts\/6064"}],"collection":[{"href":"https:\/\/spd-stadtrat.de\/index.php?rest_route=\/wp\/v2\/posts"}],"about":[{"href":"https:\/\/spd-stadtrat.de\/index.php?rest_route=\/wp\/v2\/types\/post"}],"author":[{"embeddable":true,"href":"https:\/\/spd-stadtrat.de\/index.php?rest_route=\/wp\/v2\/users\/3"}],"replies":[{"embeddable":true,"href":"https:\/\/spd-stadtrat.de\/index.php?rest_route=%2Fwp%2Fv2%2Fcomments&post=6064"}],"version-history":[{"count":1,"href":"https:\/\/spd-stadtrat.de\/index.php?rest_route=\/wp\/v2\/posts\/6064\/revisions"}],"predecessor-version":[{"id":6066,"href":"https:\/\/spd-stadtrat.de\/index.php?rest_route=\/wp\/v2\/posts\/6064\/revisions\/6066"}],"wp:featuredmedia":[{"embeddable":true,"href":"https:\/\/spd-stadtrat.de\/index.php?rest_route=\/wp\/v2\/media\/6065"}],"wp:attachment":[{"href":"https:\/\/spd-stadtrat.de\/index.php?rest_route=%2Fwp%2Fv2%2Fmedia&parent=6064"}],"wp:term":[{"taxonomy":"category","embeddable":true,"href":"https:\/\/spd-stadtrat.de\/index.php?rest_route=%2Fwp%2Fv2%2Fcategories&post=6064"},{"taxonomy":"post_tag","embeddable":true,"href":"https:\/\/spd-stadtrat.de\/index.php?rest_route=%2Fwp%2Fv2%2Ftags&post=6064"}],"curies":[{"name":"wp","href":"https:\/\/api.w.org\/{rel}","templated":true}]}}