{"id":6067,"date":"2023-05-11T10:30:30","date_gmt":"2023-05-11T08:30:30","guid":{"rendered":"https:\/\/spd-stadtrat.de\/?p=6067"},"modified":"2023-05-11T10:30:31","modified_gmt":"2023-05-11T08:30:31","slug":"eine-stadtbahn-fuer-regensburg-spd-fraktion-informiert-sich-ueber-den-aktuellen-stand","status":"publish","type":"post","link":"https:\/\/spd-stadtrat.de\/?p=6067","title":{"rendered":"Eine Stadtbahn f\u00fcr Regensburg: SPD-Fraktion informiert sich \u00fcber den aktuellen Stand"},"content":{"rendered":"\n<p><\/p>\n\n\n\n<p><\/p>\n\n\n\n<figure class=\"wp-block-image\"><img src=\"https:\/\/spd-stadtrat.de\/wp-content\/uploads\/2023\/05\/Fraktionssitzung-mit-dem-Amt-fuer-Stadtbahnneubau_8.5.2023-150x150.jpg\" alt=\"\"\/><\/figure>\n\n\n\n<p><\/p>\n\n\n\n<p>Im Rahmen ihrer Fraktionssitzung informierte sich die SPD-Stadtratsfraktion im Amt f\u00fcr Stadtbahnneubau \u00fcber die aktuelle Entwicklung der komplexen Planungen f\u00fcr das Projekt, das Regensburger Verkehrsnetz durch eine Stadtbahn zu erg\u00e4nzen und zu entlasten. Fraktionsvorsitzender Dr. Thomas Burger bedankte sich bei Amtsleiter Thomas Feig sowie bei den Experten Dagmar Nickel und Dr. Romain Molitor f\u00fcr das Update.<\/p>\n\n\n\n<p>Foto: Claudia Neumaier<\/p>\n","protected":false},"excerpt":{"rendered":"<p>Im Rahmen ihrer Fraktionssitzung informierte sich die SPD-Stadtratsfraktion im Amt f\u00fcr Stadtbahnneubau \u00fcber die aktuelle Entwicklung der komplexen Planungen f\u00fcr das Projekt, das Regensburger Verkehrsnetz durch eine Stadtbahn zu erg\u00e4nzen und zu entlasten. Fraktionsvorsitzender Dr. Thomas Burger bedankte sich bei<\/p>\n","protected":false},"author":3,"featured_media":6068,"comment_status":"closed","ping_status":"open","sticky":false,"template":"","format":"standard","meta":{"ngg_post_thumbnail":0},"categories":[1],"tags":[],"jetpack_featured_media_url":"https:\/\/spd-stadtrat.de\/wp-content\/uploads\/2023\/05\/Fraktionssitzung-mit-dem-Amt-fuer-Stadtbahnneubau_8.5.2023.jpg","_links":{"self":[{"href":"https:\/\/spd-stadtrat.de\/index.php?rest_route=\/wp\/v2\/posts\/6067"}],"collection":[{"href":"https:\/\/spd-stadtrat.de\/index.php?rest_route=\/wp\/v2\/posts"}],"about":[{"href":"https:\/\/spd-stadtrat.de\/index.php?rest_route=\/wp\/v2\/types\/post"}],"author":[{"embeddable":true,"href":"https:\/\/spd-stadtrat.de\/index.php?rest_route=\/wp\/v2\/users\/3"}],"replies":[{"embeddable":true,"href":"https:\/\/spd-stadtrat.de\/index.php?rest_route=%2Fwp%2Fv2%2Fcomments&post=6067"}],"version-history":[{"count":1,"href":"https:\/\/spd-stadtrat.de\/index.php?rest_route=\/wp\/v2\/posts\/6067\/revisions"}],"predecessor-version":[{"id":6069,"href":"https:\/\/spd-stadtrat.de\/index.php?rest_route=\/wp\/v2\/posts\/6067\/revisions\/6069"}],"wp:featuredmedia":[{"embeddable":true,"href":"https:\/\/spd-stadtrat.de\/index.php?rest_route=\/wp\/v2\/media\/6068"}],"wp:attachment":[{"href":"https:\/\/spd-stadtrat.de\/index.php?rest_route=%2Fwp%2Fv2%2Fmedia&parent=6067"}],"wp:term":[{"taxonomy":"category","embeddable":true,"href":"https:\/\/spd-stadtrat.de\/index.php?rest_route=%2Fwp%2Fv2%2Fcategories&post=6067"},{"taxonomy":"post_tag","embeddable":true,"href":"https:\/\/spd-stadtrat.de\/index.php?rest_route=%2Fwp%2Fv2%2Ftags&post=6067"}],"curies":[{"name":"wp","href":"https:\/\/api.w.org\/{rel}","templated":true}]}}