{"id":6070,"date":"2023-05-11T10:35:21","date_gmt":"2023-05-11T08:35:21","guid":{"rendered":"https:\/\/spd-stadtrat.de\/?p=6070"},"modified":"2023-05-11T10:36:48","modified_gmt":"2023-05-11T08:36:48","slug":"krankenpflege-im-austausch-kooperation-zwischen-regensburg-pilsen-und-bern-in-der-krankenpflegeausbildung","status":"publish","type":"post","link":"https:\/\/spd-stadtrat.de\/?p=6070","title":{"rendered":"Krankenpflege im Austausch: Kooperation zwischen Regensburg, Pilsen und Bern in der Krankenpflegeausbildung"},"content":{"rendered":"\n<p><\/p>\n\n\n\n<p><\/p>\n\n\n\n<figure class=\"wp-block-image\"><img src=\"https:\/\/spd-stadtrat.de\/wp-content\/uploads\/2023\/05\/Empfang-Krankenpflege-Praktikantinnen-Pilsen-u-Bern-1_09.05.2023-150x150.jpg\" alt=\"\"\/><\/figure>\n\n\n\n<p>Ein herzliches Willkommen in Regensburg bereitete SPD-Fraktionsvorsitzender Dr. Thomas Burger in Vertretung von Oberb\u00fcrgermeisterin Gertrud Maltz-Schwarzfischer einer Gruppe von Praktikantinnen der Krankenpflegschule aus Regensburgs Partnerstadt Pilsen sowie aus Bern. Seit 2016 pflegt der PflegeCampus Regensburg erfolgreiche Kontakte mit der Krankenpflegeschule St\u0159edn\u00ed zdravotnick\u00e1 \u0161kola aus Pilsen. Im Rahmen dieser Kooperation absolvieren die Auszubildenden ein Praktikum im Caritas-Krankenhaus St. Josef Regensburg, um einen Einblick in das deutsche Gesundheitswesen zu bekommen. Burger betonte in seiner Ansprache im Kurf\u00fcrstenzimmer, wie wichtig die Wertsch\u00e4tzung und wie n\u00f6tig die Aufwertung des Krankenpflegeberufs sei. Abschlie\u00dfend dankte er Barbara Oberhammer als Pflegep\u00e4gagogin und Koordinatorin f\u00fcr internationale Projekte am PflegeCampus f\u00fcr ihr Engagement sowie dem verantwortlichen Lehrer und Dolmetscher Jan Malata.<\/p>\n\n\n\n<p>Foto: M\u00e9lanie Dahri<\/p>\n","protected":false},"excerpt":{"rendered":"<p>Ein herzliches Willkommen in Regensburg bereitete SPD-Fraktionsvorsitzender Dr. Thomas Burger in Vertretung von Oberb\u00fcrgermeisterin Gertrud Maltz-Schwarzfischer einer Gruppe von Praktikantinnen der Krankenpflegschule aus Regensburgs Partnerstadt Pilsen sowie aus Bern. Seit 2016 pflegt der PflegeCampus Regensburg erfolgreiche Kontakte mit der Krankenpflegeschule<\/p>\n","protected":false},"author":3,"featured_media":6071,"comment_status":"closed","ping_status":"open","sticky":false,"template":"","format":"standard","meta":{"ngg_post_thumbnail":0},"categories":[1],"tags":[],"jetpack_featured_media_url":"https:\/\/spd-stadtrat.de\/wp-content\/uploads\/2023\/05\/Empfang-Krankenpflege-Praktikantinnen-Pilsen-u-Bern-1_09.05.2023.jpg","_links":{"self":[{"href":"https:\/\/spd-stadtrat.de\/index.php?rest_route=\/wp\/v2\/posts\/6070"}],"collection":[{"href":"https:\/\/spd-stadtrat.de\/index.php?rest_route=\/wp\/v2\/posts"}],"about":[{"href":"https:\/\/spd-stadtrat.de\/index.php?rest_route=\/wp\/v2\/types\/post"}],"author":[{"embeddable":true,"href":"https:\/\/spd-stadtrat.de\/index.php?rest_route=\/wp\/v2\/users\/3"}],"replies":[{"embeddable":true,"href":"https:\/\/spd-stadtrat.de\/index.php?rest_route=%2Fwp%2Fv2%2Fcomments&post=6070"}],"version-history":[{"count":2,"href":"https:\/\/spd-stadtrat.de\/index.php?rest_route=\/wp\/v2\/posts\/6070\/revisions"}],"predecessor-version":[{"id":6073,"href":"https:\/\/spd-stadtrat.de\/index.php?rest_route=\/wp\/v2\/posts\/6070\/revisions\/6073"}],"wp:featuredmedia":[{"embeddable":true,"href":"https:\/\/spd-stadtrat.de\/index.php?rest_route=\/wp\/v2\/media\/6071"}],"wp:attachment":[{"href":"https:\/\/spd-stadtrat.de\/index.php?rest_route=%2Fwp%2Fv2%2Fmedia&parent=6070"}],"wp:term":[{"taxonomy":"category","embeddable":true,"href":"https:\/\/spd-stadtrat.de\/index.php?rest_route=%2Fwp%2Fv2%2Fcategories&post=6070"},{"taxonomy":"post_tag","embeddable":true,"href":"https:\/\/spd-stadtrat.de\/index.php?rest_route=%2Fwp%2Fv2%2Ftags&post=6070"}],"curies":[{"name":"wp","href":"https:\/\/api.w.org\/{rel}","templated":true}]}}