{"id":6074,"date":"2023-05-11T10:40:13","date_gmt":"2023-05-11T08:40:13","guid":{"rendered":"https:\/\/spd-stadtrat.de\/?p=6074"},"modified":"2023-05-11T10:40:15","modified_gmt":"2023-05-11T08:40:15","slug":"eroeffnung-der-bayerisch-tschechischen-landesausstellung-barock-bayern-und-boehmen","status":"publish","type":"post","link":"https:\/\/spd-stadtrat.de\/?p=6074","title":{"rendered":"Er\u00f6ffnung der Bayerisch-Tschechischen Landesausstellung &#8222;Barock! Bayern und B\u00f6hmen&#8220;"},"content":{"rendered":"\n<p><\/p>\n\n\n\n<p><\/p>\n\n\n\n<figure class=\"wp-block-image\"><img src=\"https:\/\/spd-stadtrat.de\/wp-content\/uploads\/2023\/05\/Landesausstellung-Barock-Bayern_Boehmen_Eroeffnung1_09.05.2023-150x150.jpg\" alt=\"\"\/><\/figure>\n\n\n\n<p><\/p>\n\n\n\n<p>Anl\u00e4sslich der festlichen Er\u00f6ffnung der Bayerisch-Tschechischen Landesausstellung &#8222;Barock! Bayern und #\u00f6hmen&#8220; im Museum der Bayerischen Geschichte vertrat stv. Fraktionsvorsitzender Dr. Klaus Rappert die SPD Stadtratsfraktion Regensburg. Rappert zeigte sich beeindruckt von der k\u00fcnstlerischen und kulturellen Vielfalt dieser l\u00e4nder\u00fcbergreifenden Ausstellung: &#8222;Es ist so wichtig, zusammen in der gemeinsamen Geschichte Perspektiven f\u00fcr die Zukunft zu entdecken.&#8220;<\/p>\n\n\n\n<p>Sie wird vom 10. Mai bis 3. Oktober 2023 im Sonderausstellungsbereich (Donausaal) des Hauses der Bayerischen Geschichte in Regensburg und ab 8. Dezember 2023 bis 8. Mai 2024 im Sonderausstellungsbereich des Nationalmuseums in Prag am Wenzelsplatz pr\u00e4sentiert. Anschauen lohnt sich.<\/p>\n\n\n\n<p>Foto: Dr. Klaus Rappert<\/p>\n","protected":false},"excerpt":{"rendered":"<p>Anl\u00e4sslich der festlichen Er\u00f6ffnung der Bayerisch-Tschechischen Landesausstellung &#8222;Barock! Bayern und #\u00f6hmen&#8220; im Museum der Bayerischen Geschichte vertrat stv. Fraktionsvorsitzender Dr. Klaus Rappert die SPD Stadtratsfraktion Regensburg. Rappert zeigte sich beeindruckt von der k\u00fcnstlerischen und kulturellen Vielfalt dieser l\u00e4nder\u00fcbergreifenden Ausstellung: &#8222;Es<\/p>\n","protected":false},"author":3,"featured_media":6075,"comment_status":"closed","ping_status":"open","sticky":false,"template":"","format":"standard","meta":{"ngg_post_thumbnail":0},"categories":[1],"tags":[],"jetpack_featured_media_url":"https:\/\/spd-stadtrat.de\/wp-content\/uploads\/2023\/05\/Landesausstellung-Barock-Bayern_Boehmen_Eroeffnung1_09.05.2023-scaled.jpg","_links":{"self":[{"href":"https:\/\/spd-stadtrat.de\/index.php?rest_route=\/wp\/v2\/posts\/6074"}],"collection":[{"href":"https:\/\/spd-stadtrat.de\/index.php?rest_route=\/wp\/v2\/posts"}],"about":[{"href":"https:\/\/spd-stadtrat.de\/index.php?rest_route=\/wp\/v2\/types\/post"}],"author":[{"embeddable":true,"href":"https:\/\/spd-stadtrat.de\/index.php?rest_route=\/wp\/v2\/users\/3"}],"replies":[{"embeddable":true,"href":"https:\/\/spd-stadtrat.de\/index.php?rest_route=%2Fwp%2Fv2%2Fcomments&post=6074"}],"version-history":[{"count":1,"href":"https:\/\/spd-stadtrat.de\/index.php?rest_route=\/wp\/v2\/posts\/6074\/revisions"}],"predecessor-version":[{"id":6076,"href":"https:\/\/spd-stadtrat.de\/index.php?rest_route=\/wp\/v2\/posts\/6074\/revisions\/6076"}],"wp:featuredmedia":[{"embeddable":true,"href":"https:\/\/spd-stadtrat.de\/index.php?rest_route=\/wp\/v2\/media\/6075"}],"wp:attachment":[{"href":"https:\/\/spd-stadtrat.de\/index.php?rest_route=%2Fwp%2Fv2%2Fmedia&parent=6074"}],"wp:term":[{"taxonomy":"category","embeddable":true,"href":"https:\/\/spd-stadtrat.de\/index.php?rest_route=%2Fwp%2Fv2%2Fcategories&post=6074"},{"taxonomy":"post_tag","embeddable":true,"href":"https:\/\/spd-stadtrat.de\/index.php?rest_route=%2Fwp%2Fv2%2Ftags&post=6074"}],"curies":[{"name":"wp","href":"https:\/\/api.w.org\/{rel}","templated":true}]}}