{"id":6077,"date":"2023-05-15T08:10:21","date_gmt":"2023-05-15T06:10:21","guid":{"rendered":"https:\/\/spd-stadtrat.de\/?p=6077"},"modified":"2023-05-15T08:10:22","modified_gmt":"2023-05-15T06:10:22","slug":"fraktionsvorsitzender-dr-thomas-burger-dankt-dem-scheidenden-leiter-des-staedtischen-sportamts-und-begruesst-dessen-nachfolger","status":"publish","type":"post","link":"https:\/\/spd-stadtrat.de\/?p=6077","title":{"rendered":"Fraktionsvorsitzender Dr. Thomas Burger dankt dem scheidenden Leiter des st\u00e4dtischen Sportamts und begr\u00fc\u00dft dessen Nachfolger"},"content":{"rendered":"\n<p><\/p>\n\n\n\n<p><\/p>\n\n\n\n<figure class=\"wp-block-image size-full\"><a href=\"https:\/\/spd-stadtrat.de\/wp-content\/uploads\/2023\/05\/Scheidender-Sportamtsleider-Johann-Nuber-neuer-Sportamtsleiter-Christian-Goss_01.05.2023-150x150-1.jpg\"><img loading=\"lazy\" width=\"150\" height=\"150\" src=\"https:\/\/spd-stadtrat.de\/wp-content\/uploads\/2023\/05\/Scheidender-Sportamtsleider-Johann-Nuber-neuer-Sportamtsleiter-Christian-Goss_01.05.2023-150x150-1.jpg\" alt=\"\" class=\"wp-image-6079\"\/><\/a><\/figure>\n\n\n\n<p>\u201eHerzlichen Dank an Johann Nuber f\u00fcr sein jahrelanges erfolgreiches Engagement als Leiter des Sportamts der Stadt Regensburg. Er war immer pragmatisch, h\u00f6rte zu und hatte die Sportvereine proaktiv im Blick&#8220;, bedankte sich SPD-Fraktionsvorsitzender Dr. Thomas Burger beim scheidenden Sportamtsleiter. &#8222;Auch als Pr\u00e4sident von SG Post\/S\u00fcd Regensburg wusste ich sein Engagement und seine Kompetenz stets zu sch\u00e4tzen&#8220;, so Burger weiter. Zugleich begr\u00fc\u00dfte er den neuen Leiter Christian Go\u00df, dem er im Namen der SPD Stadtratsfraktion Regensburg alles Gute, Freude und Erfolg f\u00fcr seine neue Aufgabe im Sinne der Sportstadt Regensburg w\u00fcnschte.<\/p>\n\n\n\n<p>Von links: Johann Nuber (ehemaliger Leiter des Sportamts der Stadt Regensburg), der neue Amtsleiter Christian Go\u00df, SPD-Oberb\u00fcrgermeisterin Gertrud Maltz-Schwarzfischer, SPD-Fraktionsvorsitzender Dr. Thomas Burger<\/p>\n\n\n\n<p>Foto: Dr. Thomas Burger<\/p>\n","protected":false},"excerpt":{"rendered":"<p>\u201eHerzlichen Dank an Johann Nuber f\u00fcr sein jahrelanges erfolgreiches Engagement als Leiter des Sportamts der Stadt Regensburg. Er war immer pragmatisch, h\u00f6rte zu und hatte die Sportvereine proaktiv im Blick&#8220;, bedankte sich SPD-Fraktionsvorsitzender Dr. Thomas Burger beim scheidenden Sportamtsleiter. &#8222;Auch<\/p>\n","protected":false},"author":3,"featured_media":6078,"comment_status":"closed","ping_status":"open","sticky":false,"template":"","format":"standard","meta":{"ngg_post_thumbnail":0},"categories":[1],"tags":[],"jetpack_featured_media_url":"https:\/\/spd-stadtrat.de\/wp-content\/uploads\/2023\/05\/Scheidender-Sportamtsleider-Johann-Nuber-neuer-Sportamtsleiter-Christian-Goss_01.05.2023.jpg","_links":{"self":[{"href":"https:\/\/spd-stadtrat.de\/index.php?rest_route=\/wp\/v2\/posts\/6077"}],"collection":[{"href":"https:\/\/spd-stadtrat.de\/index.php?rest_route=\/wp\/v2\/posts"}],"about":[{"href":"https:\/\/spd-stadtrat.de\/index.php?rest_route=\/wp\/v2\/types\/post"}],"author":[{"embeddable":true,"href":"https:\/\/spd-stadtrat.de\/index.php?rest_route=\/wp\/v2\/users\/3"}],"replies":[{"embeddable":true,"href":"https:\/\/spd-stadtrat.de\/index.php?rest_route=%2Fwp%2Fv2%2Fcomments&post=6077"}],"version-history":[{"count":1,"href":"https:\/\/spd-stadtrat.de\/index.php?rest_route=\/wp\/v2\/posts\/6077\/revisions"}],"predecessor-version":[{"id":6080,"href":"https:\/\/spd-stadtrat.de\/index.php?rest_route=\/wp\/v2\/posts\/6077\/revisions\/6080"}],"wp:featuredmedia":[{"embeddable":true,"href":"https:\/\/spd-stadtrat.de\/index.php?rest_route=\/wp\/v2\/media\/6078"}],"wp:attachment":[{"href":"https:\/\/spd-stadtrat.de\/index.php?rest_route=%2Fwp%2Fv2%2Fmedia&parent=6077"}],"wp:term":[{"taxonomy":"category","embeddable":true,"href":"https:\/\/spd-stadtrat.de\/index.php?rest_route=%2Fwp%2Fv2%2Fcategories&post=6077"},{"taxonomy":"post_tag","embeddable":true,"href":"https:\/\/spd-stadtrat.de\/index.php?rest_route=%2Fwp%2Fv2%2Ftags&post=6077"}],"curies":[{"name":"wp","href":"https:\/\/api.w.org\/{rel}","templated":true}]}}