{"id":6082,"date":"2023-05-15T08:21:00","date_gmt":"2023-05-15T06:21:00","guid":{"rendered":"https:\/\/spd-stadtrat.de\/?p=6082"},"modified":"2023-05-15T08:31:14","modified_gmt":"2023-05-15T06:31:14","slug":"ehrenpreis-fuer-gelebte-bayerische-volkskultur-dultbeschicker-zeichnen-regensburg-aus","status":"publish","type":"post","link":"https:\/\/spd-stadtrat.de\/?p=6082","title":{"rendered":"Ehrenpreis f\u00fcr gelebte bayerische Volkskultur: Dultbeschicker zeichnen Regensburg aus"},"content":{"rendered":"\n<p><\/p>\n\n\n\n<p><\/p>\n\n\n\n<figure class=\"wp-block-image size-full\"><a href=\"https:\/\/spd-stadtrat.de\/wp-content\/uploads\/2023\/05\/Fruehjahrsdult-2023_Ehrenpreis-fuer-Regensburg_Dultbeschickerversammlung_11.05.2023-150x150-1.jpg\"><img loading=\"lazy\" width=\"150\" height=\"150\" src=\"https:\/\/spd-stadtrat.de\/wp-content\/uploads\/2023\/05\/Fruehjahrsdult-2023_Ehrenpreis-fuer-Regensburg_Dultbeschickerversammlung_11.05.2023-150x150-1.jpg\" alt=\"\" class=\"wp-image-6084\"\/><\/a><\/figure>\n\n\n\n<p>Die traditionelle Dultbeschickerversammlung hielt diesmal f\u00fcr die Stadt Regensburg ein Highlight bereit: Ihr wurde der Ehrenpreis f\u00fcr gelebte bayerische Volksfestkultur verliehen. Wenzel Bradac, Pr\u00e4sident des Bayerischen Landesverbands der Marktkaufleute und der Schausteller (BLV) \u00fcbergab die Auszeichnung an unsere Oberb\u00fcrgermeisterin Gertrud Maltz-Schwarzfischer.<\/p>\n\n\n\n<p>SPD-Fraktionsvorsitzender Thomas Burger, bekennender Fan insbesondere der Warendult, hob in seiner Dankesrede die Verdienste der Dultbeschicker*innen und die enge Verbindung mit Regensburg hervor: &#8222;Die Dult ist eine Regensburger Perle, ein ebensolches Original wie Regensburg und ein Br\u00fcckenschlag zwischen Tradition und Moderne, Gem\u00fctlichkeit und Party. Nach Corona m\u00fcssen zudem neue Herausforderungen bew\u00e4ltigt werden, die die Marktkaufleute aber herzhaft anpacken&#8220;. Daher dankte Burger auch der Stadtverwaltung, die f\u00fcr gute Rahmenbedingungen sorgt. Besonders dankten er und die Oberb\u00fcrgermeisterin den Marktbeschicker*innen selbst, ohne die es die Dult nicht g\u00e4be. Regensburg und die Region lieben ihre Dult. Sie bringt die Menschen zusammen, erm\u00f6glicht Feier, Freude und den Abstand vom Alltag. Auf geht\u00b4s!<\/p>\n\n\n\n<p>Von links: SPD-Fraktionsvorsitzender Dr. Thomas Burger, Johann Schottenloher (stv. Vorsitzender der BLV-Bezirksstelle Regensburg), Oberb\u00fcrgermeisterin Gertrud Maltz-Schwarzfischer, stv. SPD-Fraktionsvorsitzender Dr. Klaus Rappert, Walter Metzger (Vorsitzender der BLV-Bezirksstelle Regensburg) beim \u00dcberreichen des Ehrenpreises durch Wenzel Bradac, Pr\u00e4sident des Bayerischen Landesverbands der Marktkaufleute und der Schausteller e.V. (BLV)<\/p>\n\n\n\n<p>Foto: Dr. Thomas Burger &nbsp;<\/p>\n","protected":false},"excerpt":{"rendered":"<p>Die traditionelle Dultbeschickerversammlung hielt diesmal f\u00fcr die Stadt Regensburg ein Highlight bereit: Ihr wurde der Ehrenpreis f\u00fcr gelebte bayerische Volksfestkultur verliehen. Wenzel Bradac, Pr\u00e4sident des Bayerischen Landesverbands der Marktkaufleute und der Schausteller (BLV) \u00fcbergab die Auszeichnung an unsere Oberb\u00fcrgermeisterin Gertrud<\/p>\n","protected":false},"author":3,"featured_media":6083,"comment_status":"closed","ping_status":"open","sticky":false,"template":"","format":"standard","meta":{"ngg_post_thumbnail":0},"categories":[1],"tags":[],"jetpack_featured_media_url":"https:\/\/spd-stadtrat.de\/wp-content\/uploads\/2023\/05\/Fruehjahrsdult-2023_Ehrenpreis-fuer-Regensburg_Dultbeschickerversammlung_11.05.2023.jpg","_links":{"self":[{"href":"https:\/\/spd-stadtrat.de\/index.php?rest_route=\/wp\/v2\/posts\/6082"}],"collection":[{"href":"https:\/\/spd-stadtrat.de\/index.php?rest_route=\/wp\/v2\/posts"}],"about":[{"href":"https:\/\/spd-stadtrat.de\/index.php?rest_route=\/wp\/v2\/types\/post"}],"author":[{"embeddable":true,"href":"https:\/\/spd-stadtrat.de\/index.php?rest_route=\/wp\/v2\/users\/3"}],"replies":[{"embeddable":true,"href":"https:\/\/spd-stadtrat.de\/index.php?rest_route=%2Fwp%2Fv2%2Fcomments&post=6082"}],"version-history":[{"count":2,"href":"https:\/\/spd-stadtrat.de\/index.php?rest_route=\/wp\/v2\/posts\/6082\/revisions"}],"predecessor-version":[{"id":6086,"href":"https:\/\/spd-stadtrat.de\/index.php?rest_route=\/wp\/v2\/posts\/6082\/revisions\/6086"}],"wp:featuredmedia":[{"embeddable":true,"href":"https:\/\/spd-stadtrat.de\/index.php?rest_route=\/wp\/v2\/media\/6083"}],"wp:attachment":[{"href":"https:\/\/spd-stadtrat.de\/index.php?rest_route=%2Fwp%2Fv2%2Fmedia&parent=6082"}],"wp:term":[{"taxonomy":"category","embeddable":true,"href":"https:\/\/spd-stadtrat.de\/index.php?rest_route=%2Fwp%2Fv2%2Fcategories&post=6082"},{"taxonomy":"post_tag","embeddable":true,"href":"https:\/\/spd-stadtrat.de\/index.php?rest_route=%2Fwp%2Fv2%2Ftags&post=6082"}],"curies":[{"name":"wp","href":"https:\/\/api.w.org\/{rel}","templated":true}]}}