{"id":6087,"date":"2023-05-15T11:58:05","date_gmt":"2023-05-15T09:58:05","guid":{"rendered":"https:\/\/spd-stadtrat.de\/?p=6087"},"modified":"2023-05-15T11:59:12","modified_gmt":"2023-05-15T09:59:12","slug":"fruehlingsfest-der-kinder-und-jugendfarm-spd-fraktion-wuerdigt-arbeit-des-naturprojekts","status":"publish","type":"post","link":"https:\/\/spd-stadtrat.de\/?p=6087","title":{"rendered":"Fr\u00fchlingsfest der Kinder- und Jugendfarm: SPD-Fraktion w\u00fcrdigt Arbeit des Naturprojekts"},"content":{"rendered":"\n<figure class=\"wp-block-image size-full\"><a href=\"https:\/\/spd-stadtrat.de\/wp-content\/uploads\/2023\/05\/Stv.-FV-Dr.-Klaus-Rappert_Fruehlingsfest-Kinder-und-Jugendfarm_13.05.2023-150x150-1.jpg\"><img loading=\"lazy\" width=\"150\" height=\"150\" src=\"https:\/\/spd-stadtrat.de\/wp-content\/uploads\/2023\/05\/Stv.-FV-Dr.-Klaus-Rappert_Fruehlingsfest-Kinder-und-Jugendfarm_13.05.2023-150x150-1.jpg\" alt=\"\" class=\"wp-image-6089\"\/><\/a><\/figure>\n\n\n\n<p><\/p>\n\n\n\n<p><\/p>\n\n\n\n<p>Der stellvertretende Fraktionsvorsitzende der SPD Stadtratsfraktion Regensburg, Dr. Klaus Rappert, besuchte das Fr\u00fchjahrsfest der Kinder- und Jugendfarm (JuFa). Gemeinsam mit Monika G\u00f6ttler vom Team der Farm erkundete er wieder einmal das Gel\u00e4nde: &#8222;Die Kinder- und Jugendfarm ist ein toller Ort f\u00fcr Stadtkinder, um mit Natur und Tieren hautnah in Kontakt zu kommen. Dieser Platz, diese M\u00f6glichkeiten m\u00fcssen unbedingt erhalten bleiben. Hier geschieht emotionales Lernen. Hier werden die Grundlagen f\u00fcr Tier- und Naturschutz gelegt&#8220;, so Rappert, der damit auch die Meinung der SPD Stadtratsfraktion Regensburg zu diesem wunderbaren Projekt wiedergibt.<\/p>\n\n\n\n<p>Foto: Dr. Klaus Rappert<\/p>\n","protected":false},"excerpt":{"rendered":"<p>Der stellvertretende Fraktionsvorsitzende der SPD Stadtratsfraktion Regensburg, Dr. Klaus Rappert, besuchte das Fr\u00fchjahrsfest der Kinder- und Jugendfarm (JuFa). Gemeinsam mit Monika G\u00f6ttler vom Team der Farm erkundete er wieder einmal das Gel\u00e4nde: &#8222;Die Kinder- und Jugendfarm ist ein toller Ort<\/p>\n","protected":false},"author":3,"featured_media":6088,"comment_status":"closed","ping_status":"open","sticky":false,"template":"","format":"standard","meta":{"ngg_post_thumbnail":0},"categories":[1],"tags":[],"jetpack_featured_media_url":"https:\/\/spd-stadtrat.de\/wp-content\/uploads\/2023\/05\/Stv.-FV-Dr.-Klaus-Rappert_Fruehlingsfest-Kinder-und-Jugendfarm_13.05.2023.jpg","_links":{"self":[{"href":"https:\/\/spd-stadtrat.de\/index.php?rest_route=\/wp\/v2\/posts\/6087"}],"collection":[{"href":"https:\/\/spd-stadtrat.de\/index.php?rest_route=\/wp\/v2\/posts"}],"about":[{"href":"https:\/\/spd-stadtrat.de\/index.php?rest_route=\/wp\/v2\/types\/post"}],"author":[{"embeddable":true,"href":"https:\/\/spd-stadtrat.de\/index.php?rest_route=\/wp\/v2\/users\/3"}],"replies":[{"embeddable":true,"href":"https:\/\/spd-stadtrat.de\/index.php?rest_route=%2Fwp%2Fv2%2Fcomments&post=6087"}],"version-history":[{"count":2,"href":"https:\/\/spd-stadtrat.de\/index.php?rest_route=\/wp\/v2\/posts\/6087\/revisions"}],"predecessor-version":[{"id":6091,"href":"https:\/\/spd-stadtrat.de\/index.php?rest_route=\/wp\/v2\/posts\/6087\/revisions\/6091"}],"wp:featuredmedia":[{"embeddable":true,"href":"https:\/\/spd-stadtrat.de\/index.php?rest_route=\/wp\/v2\/media\/6088"}],"wp:attachment":[{"href":"https:\/\/spd-stadtrat.de\/index.php?rest_route=%2Fwp%2Fv2%2Fmedia&parent=6087"}],"wp:term":[{"taxonomy":"category","embeddable":true,"href":"https:\/\/spd-stadtrat.de\/index.php?rest_route=%2Fwp%2Fv2%2Fcategories&post=6087"},{"taxonomy":"post_tag","embeddable":true,"href":"https:\/\/spd-stadtrat.de\/index.php?rest_route=%2Fwp%2Fv2%2Ftags&post=6087"}],"curies":[{"name":"wp","href":"https:\/\/api.w.org\/{rel}","templated":true}]}}