{"id":6177,"date":"2023-05-25T14:59:56","date_gmt":"2023-05-25T12:59:56","guid":{"rendered":"https:\/\/spd-stadtrat.de\/?p=6177"},"modified":"2023-05-25T14:59:56","modified_gmt":"2023-05-25T12:59:56","slug":"regensburgs-spd-oberbuergermeisterin-gertrud-maltz-schwarzfischer-beim-42-deutschen-staedtetag","status":"publish","type":"post","link":"https:\/\/spd-stadtrat.de\/?p=6177","title":{"rendered":"Regensburgs SPD-Oberb\u00fcrgermeisterin Gertrud Maltz-Schwarzfischer beim 42. Deutschen St\u00e4dtetag"},"content":{"rendered":"\n<p><\/p>\n\n\n\n<figure class=\"wp-block-image\"><img src=\"https:\/\/spd-stadtrat.de\/wp-content\/uploads\/2023\/05\/Staedtetag-Koeln4_IMG_6618-150x150.jpeg\" alt=\"\"\/><\/figure>\n\n\n\n<p><\/p>\n\n\n\n<p>Unsere SPD-Oberb\u00fcrgermeisterin Gertrud Maltz-Schwarzfischer nahm an der 42. Hauptversammlung des Deutschen St\u00e4dtetags in K\u00f6ln teil. &#8222;Unsere St\u00e4dte \u2013 gemeinsam neue Wege wagen&#8220; lautete des Motto des gro\u00dfen Treffens der deutschen St\u00e4dte. Bundeskanzler Olaf Scholz (SPD) war der Hauptredner der Veranstaltung. M\u00fcnsters Oberb\u00fcrgermeister Markus Lewe (CDU) wurde als Pr\u00e4sident des Deutschen St\u00e4dtetags wiedergew\u00e4hlt. &#8222;Es ist wichtig, sich immer wieder zu vernetzen und auszutauschen, gerade angesichts der Herausforderungen, denen wir uns als St\u00e4dte gegen\u00fcber sehen&#8220;, res\u00fcmiert Maltz-Schwarzfischer die Konferenz. Freude bereitete auch das Wiedersehen mit der Delegation der Stadt Koblenz um SPD-Oberb\u00fcrgermeister David Langner.<br><\/p>\n\n\n\n<p>Foto: Gertrud Maltz-Schwarzfischer<\/p>\n\n\n\n<p>Bildunterschrift: Regensburgs SPD-Oberb\u00fcrgermeisterin Gertrud Maltz-Schwarzfischer (2. v. links) mit der Delegation der Stadt Koblenz und dem Koblenzer SPD-Oberb\u00fcrgermeister David Langner (1. v. links).<\/p>\n\n\n\n<p><\/p>\n","protected":false},"excerpt":{"rendered":"<p>Unsere SPD-Oberb\u00fcrgermeisterin Gertrud Maltz-Schwarzfischer nahm an der 42. Hauptversammlung des Deutschen St\u00e4dtetags in K\u00f6ln teil. &#8222;Unsere St\u00e4dte \u2013 gemeinsam neue Wege wagen&#8220; lautete des Motto des gro\u00dfen Treffens der deutschen St\u00e4dte. Bundeskanzler Olaf Scholz (SPD) war der Hauptredner der Veranstaltung.<\/p>\n","protected":false},"author":3,"featured_media":6178,"comment_status":"closed","ping_status":"open","sticky":false,"template":"","format":"standard","meta":{"ngg_post_thumbnail":0},"categories":[1],"tags":[],"jetpack_featured_media_url":"https:\/\/spd-stadtrat.de\/wp-content\/uploads\/2023\/05\/Staedtetag-Koeln4_IMG_6618-scaled.jpeg","_links":{"self":[{"href":"https:\/\/spd-stadtrat.de\/index.php?rest_route=\/wp\/v2\/posts\/6177"}],"collection":[{"href":"https:\/\/spd-stadtrat.de\/index.php?rest_route=\/wp\/v2\/posts"}],"about":[{"href":"https:\/\/spd-stadtrat.de\/index.php?rest_route=\/wp\/v2\/types\/post"}],"author":[{"embeddable":true,"href":"https:\/\/spd-stadtrat.de\/index.php?rest_route=\/wp\/v2\/users\/3"}],"replies":[{"embeddable":true,"href":"https:\/\/spd-stadtrat.de\/index.php?rest_route=%2Fwp%2Fv2%2Fcomments&post=6177"}],"version-history":[{"count":1,"href":"https:\/\/spd-stadtrat.de\/index.php?rest_route=\/wp\/v2\/posts\/6177\/revisions"}],"predecessor-version":[{"id":6179,"href":"https:\/\/spd-stadtrat.de\/index.php?rest_route=\/wp\/v2\/posts\/6177\/revisions\/6179"}],"wp:featuredmedia":[{"embeddable":true,"href":"https:\/\/spd-stadtrat.de\/index.php?rest_route=\/wp\/v2\/media\/6178"}],"wp:attachment":[{"href":"https:\/\/spd-stadtrat.de\/index.php?rest_route=%2Fwp%2Fv2%2Fmedia&parent=6177"}],"wp:term":[{"taxonomy":"category","embeddable":true,"href":"https:\/\/spd-stadtrat.de\/index.php?rest_route=%2Fwp%2Fv2%2Fcategories&post=6177"},{"taxonomy":"post_tag","embeddable":true,"href":"https:\/\/spd-stadtrat.de\/index.php?rest_route=%2Fwp%2Fv2%2Ftags&post=6177"}],"curies":[{"name":"wp","href":"https:\/\/api.w.org\/{rel}","templated":true}]}}