{"id":6181,"date":"2023-05-30T06:42:27","date_gmt":"2023-05-30T04:42:27","guid":{"rendered":"https:\/\/spd-stadtrat.de\/?p=6181"},"modified":"2023-05-30T06:43:27","modified_gmt":"2023-05-30T04:43:27","slug":"pd-stadtratsfraktion-trifft-auf-regensburger-maidult","status":"publish","type":"post","link":"https:\/\/spd-stadtrat.de\/?p=6181","title":{"rendered":"SPD-Stadtratsfraktion trifft auf Regensburger Maidult"},"content":{"rendered":"\n<p><\/p>\n\n\n\n<figure class=\"wp-block-image\"><img src=\"https:\/\/spd-stadtrat.de\/wp-content\/uploads\/2023\/05\/Maidult_Fraktion1_25.05.2023-150x150.jpg\" alt=\"\"\/><\/figure>\n\n\n\n<p><\/p>\n\n\n\n<p>In der zweiten Halbzeit der Regensburger Dult lie\u00df es sich die SPD-Stadtratsfraktion Regensburg nicht nehmen, der Regensburger Maidult ihren traditionellen Besuch abzustatten. \u201eEs ist jedes Mal wieder ein Erlebnis, die einmalige Dultatmosph\u00e4re zu genie\u00dfen und darin einzutauchen. Wir danken den Schaustellerinnen und Schaustellern f\u00fcr ihr Durchhalteverm\u00f6gen w\u00e4hrend der Corona-Pandemie und freuen uns nun umso mehr, dieses einzigartige Regensburger Volksfest wieder genie\u00dfen zu k\u00f6nnen. Auch unserer Fraktion tut es gut, hier ein paar gemeinsame, entspannte Stunden zu verbringen und so die Arbeit der Dultbeschickergemeinschaft zu w\u00fcrdigen\u201c, so SPD-Fraktionschef Dr. Thomas Burger. Mit dabei war auch Regensburgs SPD-Oberb\u00fcrgermeisterin Gertrud Maltz-Schwarzfischer.<\/p>\n\n\n\n<p>Foto: Anna Gmeiner<\/p>\n","protected":false},"excerpt":{"rendered":"<p>In der zweiten Halbzeit der Regensburger Dult lie\u00df es sich die SPD-Stadtratsfraktion Regensburg nicht nehmen, der Regensburger Maidult ihren traditionellen Besuch abzustatten. \u201eEs ist jedes Mal wieder ein Erlebnis, die einmalige Dultatmosph\u00e4re zu genie\u00dfen und darin einzutauchen. Wir danken den<\/p>\n","protected":false},"author":3,"featured_media":6182,"comment_status":"closed","ping_status":"open","sticky":false,"template":"","format":"standard","meta":{"ngg_post_thumbnail":0},"categories":[1],"tags":[],"jetpack_featured_media_url":"https:\/\/spd-stadtrat.de\/wp-content\/uploads\/2023\/05\/Maidult_Fraktion1_25.05.2023.jpg","_links":{"self":[{"href":"https:\/\/spd-stadtrat.de\/index.php?rest_route=\/wp\/v2\/posts\/6181"}],"collection":[{"href":"https:\/\/spd-stadtrat.de\/index.php?rest_route=\/wp\/v2\/posts"}],"about":[{"href":"https:\/\/spd-stadtrat.de\/index.php?rest_route=\/wp\/v2\/types\/post"}],"author":[{"embeddable":true,"href":"https:\/\/spd-stadtrat.de\/index.php?rest_route=\/wp\/v2\/users\/3"}],"replies":[{"embeddable":true,"href":"https:\/\/spd-stadtrat.de\/index.php?rest_route=%2Fwp%2Fv2%2Fcomments&post=6181"}],"version-history":[{"count":2,"href":"https:\/\/spd-stadtrat.de\/index.php?rest_route=\/wp\/v2\/posts\/6181\/revisions"}],"predecessor-version":[{"id":6184,"href":"https:\/\/spd-stadtrat.de\/index.php?rest_route=\/wp\/v2\/posts\/6181\/revisions\/6184"}],"wp:featuredmedia":[{"embeddable":true,"href":"https:\/\/spd-stadtrat.de\/index.php?rest_route=\/wp\/v2\/media\/6182"}],"wp:attachment":[{"href":"https:\/\/spd-stadtrat.de\/index.php?rest_route=%2Fwp%2Fv2%2Fmedia&parent=6181"}],"wp:term":[{"taxonomy":"category","embeddable":true,"href":"https:\/\/spd-stadtrat.de\/index.php?rest_route=%2Fwp%2Fv2%2Fcategories&post=6181"},{"taxonomy":"post_tag","embeddable":true,"href":"https:\/\/spd-stadtrat.de\/index.php?rest_route=%2Fwp%2Fv2%2Ftags&post=6181"}],"curies":[{"name":"wp","href":"https:\/\/api.w.org\/{rel}","templated":true}]}}