{"id":6187,"date":"2023-05-30T06:52:13","date_gmt":"2023-05-30T04:52:13","guid":{"rendered":"https:\/\/spd-stadtrat.de\/?p=6187"},"modified":"2023-05-30T06:52:15","modified_gmt":"2023-05-30T04:52:15","slug":"das-regensburger-pfingstwunder-rettung-des-galeria-kaufhof-standorts-statement-des-spd-fraktionsvorsitzenden-dr-thomas-burger","status":"publish","type":"post","link":"https:\/\/spd-stadtrat.de\/?p=6187","title":{"rendered":"Das Regensburger Pfingstwunder: Rettung des Galeria Kaufhof-Standorts &#8211; Statement des SPD-Fraktionsvorsitzenden Dr. Thomas Burger"},"content":{"rendered":"\n<p><\/p>\n\n\n\n<figure class=\"wp-block-image\"><img src=\"https:\/\/spd-stadtrat.de\/wp-content\/uploads\/2023\/05\/Galeria-Kaufhof_Rettung4_26.05.2023-150x150.jpg\" alt=\"\"\/><\/figure>\n\n\n\n<p>Die SPD-Fraktion freut sich sehr \u00fcber die Nachricht zum Fortbestand der Galeria-Kaufhof-Filiale am Neupfarrplatz. &#8222;Besonders f\u00fcr die Besch\u00e4ftigen, aber auch f\u00fcr die ganze Stadt Regensburg ist dies eine wunderbare Meldung&#8220;, so SPD-Fraktionsvorsitzender Dr. Thomas Burger: &#8222;Ich bedanke mich sehr bei Oberb\u00fcrgermeisterin Gertrud Maltz-Schwarzfischer, den entsprechenden Mitarbeitenden der Stadtverwaltung und allen anderen Unterst\u00fctzerinnen und Unterst\u00fctzern f\u00fcr ihren gro\u00dfartigen Einsatz. Gro\u00dfe Hochachtung hat insbesondere das bewundernswerte Engagement der Besch\u00e4ftigten verdient, die sich im Kampf um den Erhalt nicht beirren haben lassen und mit viel Kreativit\u00e4t immer neue Wege aufgezeigt haben. Nun gilt es, mit gemeinsamen Kr\u00e4ften an einem Strang zu ziehen, um den Standort Neupfarrplatz auf eine nachhaltig erfolgreiche Zukunft hin auszurichten.&#8220;<br><br>Foto: Silvia Gross<\/p>\n","protected":false},"excerpt":{"rendered":"<p>Die SPD-Fraktion freut sich sehr \u00fcber die Nachricht zum Fortbestand der Galeria-Kaufhof-Filiale am Neupfarrplatz. &#8222;Besonders f\u00fcr die Besch\u00e4ftigen, aber auch f\u00fcr die ganze Stadt Regensburg ist dies eine wunderbare Meldung&#8220;, so SPD-Fraktionsvorsitzender Dr. Thomas Burger: &#8222;Ich bedanke mich sehr bei<\/p>\n","protected":false},"author":3,"featured_media":6186,"comment_status":"closed","ping_status":"open","sticky":false,"template":"","format":"standard","meta":{"ngg_post_thumbnail":0},"categories":[1],"tags":[],"jetpack_featured_media_url":"https:\/\/spd-stadtrat.de\/wp-content\/uploads\/2023\/05\/Galeria-Kaufhof_Rettung4_26.05.2023.jpg","_links":{"self":[{"href":"https:\/\/spd-stadtrat.de\/index.php?rest_route=\/wp\/v2\/posts\/6187"}],"collection":[{"href":"https:\/\/spd-stadtrat.de\/index.php?rest_route=\/wp\/v2\/posts"}],"about":[{"href":"https:\/\/spd-stadtrat.de\/index.php?rest_route=\/wp\/v2\/types\/post"}],"author":[{"embeddable":true,"href":"https:\/\/spd-stadtrat.de\/index.php?rest_route=\/wp\/v2\/users\/3"}],"replies":[{"embeddable":true,"href":"https:\/\/spd-stadtrat.de\/index.php?rest_route=%2Fwp%2Fv2%2Fcomments&post=6187"}],"version-history":[{"count":1,"href":"https:\/\/spd-stadtrat.de\/index.php?rest_route=\/wp\/v2\/posts\/6187\/revisions"}],"predecessor-version":[{"id":6188,"href":"https:\/\/spd-stadtrat.de\/index.php?rest_route=\/wp\/v2\/posts\/6187\/revisions\/6188"}],"wp:featuredmedia":[{"embeddable":true,"href":"https:\/\/spd-stadtrat.de\/index.php?rest_route=\/wp\/v2\/media\/6186"}],"wp:attachment":[{"href":"https:\/\/spd-stadtrat.de\/index.php?rest_route=%2Fwp%2Fv2%2Fmedia&parent=6187"}],"wp:term":[{"taxonomy":"category","embeddable":true,"href":"https:\/\/spd-stadtrat.de\/index.php?rest_route=%2Fwp%2Fv2%2Fcategories&post=6187"},{"taxonomy":"post_tag","embeddable":true,"href":"https:\/\/spd-stadtrat.de\/index.php?rest_route=%2Fwp%2Fv2%2Ftags&post=6187"}],"curies":[{"name":"wp","href":"https:\/\/api.w.org\/{rel}","templated":true}]}}