{"id":6201,"date":"2023-06-19T11:33:41","date_gmt":"2023-06-19T09:33:41","guid":{"rendered":"https:\/\/spd-stadtrat.de\/?p=6201"},"modified":"2023-06-19T11:33:42","modified_gmt":"2023-06-19T09:33:42","slug":"150-jahre-loeschzug-sallern-spd-fraktionsvorsitzender-dr-thomas-burger-begleitet-die-festlichkeiten","status":"publish","type":"post","link":"https:\/\/spd-stadtrat.de\/?p=6201","title":{"rendered":"150 Jahre L\u00f6schzug Sallern \u2013 SPD-Fraktionsvorsitzender Dr. Thomas Burger begleitet die Festlichkeiten"},"content":{"rendered":"\n<figure class=\"wp-block-image size-full\"><a href=\"https:\/\/spd-stadtrat.de\/wp-content\/uploads\/2023\/06\/150-Jahre-Loeschzug-Sallern-5_04.06.2023-150x150-1.jpg\"><img loading=\"lazy\" width=\"150\" height=\"150\" src=\"https:\/\/spd-stadtrat.de\/wp-content\/uploads\/2023\/06\/150-Jahre-Loeschzug-Sallern-5_04.06.2023-150x150-1.jpg\" alt=\"\" class=\"wp-image-6203\"\/><\/a><\/figure>\n\n\n\n<p><\/p>\n\n\n\n<p><strong>150 Jahre L\u00f6schzug Sallern \u2013 SPD-Fraktionsvorsitzender Dr. Thomas Burger begleitet die Festlichkeiten<\/strong><\/p>\n\n\n\n<p>Als Festival am Regen feierte der L\u00f6schzug Sallern 150 Jahre seines Bestehens. Die Feier war ein Fest f\u00fcr den ganzen Stadtteil und weit \u00fcber ein Feuerwehrfest hinaus. Das Fest zeigte, wie gro\u00df der Zusammenhalt bei der Feuerwehr geschrieben wird: f\u00fcr Regensburgs Stadtgesellschaft mit dem ehrenamtlichen Feuerwehrdienst rund um die Uhr, f\u00fcr den Stadtteil mit zahlreichen Aktivit\u00e4ten und Veranstaltungen, f\u00fcr das Miteinander in der regionalen Feuerwehrfamilie.\u00a0 &#8222;Die so wertvolle Leistung unserer Feuerwehren verdient unser aller Anerkennung&#8220;, so SPD-Fraktionsvorsitzender Dr. Thomas Burger, der als Vertreter von SPD-Oberb\u00fcrgermeisterin Gertrud Maltz-Schwarzfischer im Gottesdienst ein von ihr gestiftetes Fahnenband \u00fcberreichte, das an alle Verstorbenen erinnert. &#8222;Dies ist eine besondere Wertsch\u00e4tzung denjenigen gegen\u00fcber, die diese Wehr gegr\u00fcndet und zu dem gemacht haben, was sie heute ist&#8220;, so Burger in seiner Ansprache. Der von Pfarrer Josef Eichinger gestaltete Gottesdienst bildete den w\u00fcrdigen Rahmen. Eine Begr\u00fc\u00dfung aller G\u00e4ste im Festzelt und ein eindrucksvoller Festumzug durften nat\u00fcrlich an diesem Tag auch nicht fehlen. Auf die n\u00e4chsten 150 Jahre! <br><br>Foto: Christoph Gailer<\/p>\n","protected":false},"excerpt":{"rendered":"<p>150 Jahre L\u00f6schzug Sallern \u2013 SPD-Fraktionsvorsitzender Dr. Thomas Burger begleitet die Festlichkeiten Als Festival am Regen feierte der L\u00f6schzug Sallern 150 Jahre seines Bestehens. Die Feier war ein Fest f\u00fcr den ganzen Stadtteil und weit \u00fcber ein Feuerwehrfest hinaus. Das<\/p>\n","protected":false},"author":3,"featured_media":6202,"comment_status":"closed","ping_status":"open","sticky":false,"template":"","format":"standard","meta":{"ngg_post_thumbnail":0},"categories":[1],"tags":[],"jetpack_featured_media_url":"https:\/\/spd-stadtrat.de\/wp-content\/uploads\/2023\/06\/150-Jahre-Loeschzug-Sallern-5_04.06.2023.jpg","_links":{"self":[{"href":"https:\/\/spd-stadtrat.de\/index.php?rest_route=\/wp\/v2\/posts\/6201"}],"collection":[{"href":"https:\/\/spd-stadtrat.de\/index.php?rest_route=\/wp\/v2\/posts"}],"about":[{"href":"https:\/\/spd-stadtrat.de\/index.php?rest_route=\/wp\/v2\/types\/post"}],"author":[{"embeddable":true,"href":"https:\/\/spd-stadtrat.de\/index.php?rest_route=\/wp\/v2\/users\/3"}],"replies":[{"embeddable":true,"href":"https:\/\/spd-stadtrat.de\/index.php?rest_route=%2Fwp%2Fv2%2Fcomments&post=6201"}],"version-history":[{"count":1,"href":"https:\/\/spd-stadtrat.de\/index.php?rest_route=\/wp\/v2\/posts\/6201\/revisions"}],"predecessor-version":[{"id":6204,"href":"https:\/\/spd-stadtrat.de\/index.php?rest_route=\/wp\/v2\/posts\/6201\/revisions\/6204"}],"wp:featuredmedia":[{"embeddable":true,"href":"https:\/\/spd-stadtrat.de\/index.php?rest_route=\/wp\/v2\/media\/6202"}],"wp:attachment":[{"href":"https:\/\/spd-stadtrat.de\/index.php?rest_route=%2Fwp%2Fv2%2Fmedia&parent=6201"}],"wp:term":[{"taxonomy":"category","embeddable":true,"href":"https:\/\/spd-stadtrat.de\/index.php?rest_route=%2Fwp%2Fv2%2Fcategories&post=6201"},{"taxonomy":"post_tag","embeddable":true,"href":"https:\/\/spd-stadtrat.de\/index.php?rest_route=%2Fwp%2Fv2%2Ftags&post=6201"}],"curies":[{"name":"wp","href":"https:\/\/api.w.org\/{rel}","templated":true}]}}