{"id":6205,"date":"2023-06-19T12:33:11","date_gmt":"2023-06-19T10:33:11","guid":{"rendered":"https:\/\/spd-stadtrat.de\/?p=6205"},"modified":"2023-06-19T12:33:11","modified_gmt":"2023-06-19T10:33:11","slug":"zum-geburtstag-von-anne-frank","status":"publish","type":"post","link":"https:\/\/spd-stadtrat.de\/?p=6205","title":{"rendered":"Zum Geburtstag von Anne Frank"},"content":{"rendered":"\n<p><\/p>\n\n\n\n<figure class=\"wp-block-image size-full\"><a href=\"https:\/\/spd-stadtrat.de\/wp-content\/uploads\/2023\/06\/Anne-Frank-2_94-Geburtstag-2023-150x150-1.jpg\"><img loading=\"lazy\" width=\"150\" height=\"150\" src=\"https:\/\/spd-stadtrat.de\/wp-content\/uploads\/2023\/06\/Anne-Frank-2_94-Geburtstag-2023-150x150-1.jpg\" alt=\"\" class=\"wp-image-6207\"\/><\/a><\/figure>\n\n\n\n<p><\/p>\n\n\n\n<p>Anne Frank w\u00e4re heute 94 Jahre alt geworden. Ihr Leben wurde so fr\u00fch zerst\u00f6rt &#8211; und dennoch konnten die Nazis ihr Andenken und ihre Geisteskraft nicht ausl\u00f6schen. Sie lebt in unserer Erinnerung fort bis heute.<\/p>\n\n\n\n<p>&#8222;Ich will nicht umsonst gelebt haben wie die meisten Menschen. (&#8230;) Ich will fortleben, auch nach meinem Tod.&#8220; &#8211; Anne Frank<\/p>\n\n\n\n<p>\u201eDie SPD-Stadtratsfraktion gedenkt ihres kurzen Lebens, ihres Leidens und ihrer Strahlkraft bis heute. Es darf und wird kein Vergessen geben\u201c, so Fraktionsvorsitzender Dr. Thomas Burger.<\/p>\n\n\n\n<p>Foto: Anne Frank-Haus<\/p>\n","protected":false},"excerpt":{"rendered":"<p>Anne Frank w\u00e4re heute 94 Jahre alt geworden. Ihr Leben wurde so fr\u00fch zerst\u00f6rt &#8211; und dennoch konnten die Nazis ihr Andenken und ihre Geisteskraft nicht ausl\u00f6schen. Sie lebt in unserer Erinnerung fort bis heute. &#8222;Ich will nicht umsonst gelebt<\/p>\n","protected":false},"author":3,"featured_media":6206,"comment_status":"closed","ping_status":"open","sticky":false,"template":"","format":"standard","meta":{"ngg_post_thumbnail":0},"categories":[1],"tags":[],"jetpack_featured_media_url":"https:\/\/spd-stadtrat.de\/wp-content\/uploads\/2023\/06\/Anne-Frank-2_94-Geburtstag-2023.jpg","_links":{"self":[{"href":"https:\/\/spd-stadtrat.de\/index.php?rest_route=\/wp\/v2\/posts\/6205"}],"collection":[{"href":"https:\/\/spd-stadtrat.de\/index.php?rest_route=\/wp\/v2\/posts"}],"about":[{"href":"https:\/\/spd-stadtrat.de\/index.php?rest_route=\/wp\/v2\/types\/post"}],"author":[{"embeddable":true,"href":"https:\/\/spd-stadtrat.de\/index.php?rest_route=\/wp\/v2\/users\/3"}],"replies":[{"embeddable":true,"href":"https:\/\/spd-stadtrat.de\/index.php?rest_route=%2Fwp%2Fv2%2Fcomments&post=6205"}],"version-history":[{"count":1,"href":"https:\/\/spd-stadtrat.de\/index.php?rest_route=\/wp\/v2\/posts\/6205\/revisions"}],"predecessor-version":[{"id":6208,"href":"https:\/\/spd-stadtrat.de\/index.php?rest_route=\/wp\/v2\/posts\/6205\/revisions\/6208"}],"wp:featuredmedia":[{"embeddable":true,"href":"https:\/\/spd-stadtrat.de\/index.php?rest_route=\/wp\/v2\/media\/6206"}],"wp:attachment":[{"href":"https:\/\/spd-stadtrat.de\/index.php?rest_route=%2Fwp%2Fv2%2Fmedia&parent=6205"}],"wp:term":[{"taxonomy":"category","embeddable":true,"href":"https:\/\/spd-stadtrat.de\/index.php?rest_route=%2Fwp%2Fv2%2Fcategories&post=6205"},{"taxonomy":"post_tag","embeddable":true,"href":"https:\/\/spd-stadtrat.de\/index.php?rest_route=%2Fwp%2Fv2%2Ftags&post=6205"}],"curies":[{"name":"wp","href":"https:\/\/api.w.org\/{rel}","templated":true}]}}