{"id":6244,"date":"2023-06-25T11:51:08","date_gmt":"2023-06-25T09:51:08","guid":{"rendered":"https:\/\/spd-stadtrat.de\/?p=6244"},"modified":"2023-06-25T11:52:21","modified_gmt":"2023-06-25T09:52:21","slug":"statement-des-spd-fraktionsvorsitzender-dr-thomas-burger-zur-erneuten-kritik-der-csu-an-der-stadtbahn-fuer-regensburg","status":"publish","type":"post","link":"https:\/\/spd-stadtrat.de\/?p=6244","title":{"rendered":"Statement des SPD-Fraktionsvorsitzenden Dr. Thomas Burger zur erneuten Kritik der CSU an der Stadtbahn f\u00fcr Regensburg:"},"content":{"rendered":"\n<p>Die CSU geht wieder ganz in ihrer Parade-Rolle als Schwarze Bremse auf. Und traditionsgem\u00e4\u00df wenig originell. Schlie\u00dflich war schon von Beginn an klar, dass nach Vorliegen der Masterplans die n\u00e4chste Entscheidung ansteht. Sehr schade ist allerdings, dass sich die CSU-Fraktion mit der \u00dcbernahme von Verantwortung so unglaublich schwer zu tun scheint: Anstatt selbst als gew\u00e4hlte Stadtratsmitglieder eine Entscheidung zu treffen und zu verantworten, soll die Entscheidung vordergr\u00fcndig auf die B\u00fcrgerinnen und B\u00fcrger abgew\u00e4lzt und angebliche B\u00fcrgern\u00e4he demonstriert werden. Das Gegenteil ist jedoch der Fall: Es wird aus parteipolitischer Taktik einseitig gegen das gemeinsam vereinbarte Projekt Stadtbahn Stimmung gemacht, um sich dann bei der eigentlichen Entscheidung hinter der B\u00fcrgerschaft verstecken zu k\u00f6nnen. Mich erreichen jedoch viele R\u00fcckmeldungen aus der Bev\u00f6lkerung, die mir zeigen, dass dieses durchsichtige Spiel durchaus als solches wahrgenommen wird. Dabei wird auch deutlich, dass die Stadtbahn als starkes Element des zuk\u00fcnftigen \u00f6ffentlichen Nahverkehrs abseits der lauten Schlagzeilen durchaus viel Zuspruch erf\u00e4hrt.\u00a0<\/p>\n\n\n\n<p>Foto: Petra Homeier<\/p>\n\n\n\n<p><\/p>\n\n\n<figure class=\"wp-block-post-featured-image\"><img width=\"150\" height=\"150\" src=\"https:\/\/spd-stadtrat.de\/wp-content\/uploads\/2023\/02\/2020-Burger-150x150-1-150x150-1-150x150-1.jpg\" class=\"attachment-post-thumbnail size-post-thumbnail wp-post-image\" alt=\"\" loading=\"lazy\" \/><\/figure>","protected":false},"excerpt":{"rendered":"<p>Die CSU geht wieder ganz in ihrer Parade-Rolle als Schwarze Bremse auf. Und traditionsgem\u00e4\u00df wenig originell. Schlie\u00dflich war schon von Beginn an klar, dass nach Vorliegen der Masterplans die n\u00e4chste Entscheidung ansteht. Sehr schade ist allerdings, dass sich die CSU-Fraktion<\/p>\n","protected":false},"author":3,"featured_media":5719,"comment_status":"closed","ping_status":"open","sticky":false,"template":"","format":"standard","meta":{"ngg_post_thumbnail":0},"categories":[1],"tags":[],"jetpack_featured_media_url":"https:\/\/spd-stadtrat.de\/wp-content\/uploads\/2023\/02\/2020-Burger-150x150-1-150x150-1-150x150-1.jpg","_links":{"self":[{"href":"https:\/\/spd-stadtrat.de\/index.php?rest_route=\/wp\/v2\/posts\/6244"}],"collection":[{"href":"https:\/\/spd-stadtrat.de\/index.php?rest_route=\/wp\/v2\/posts"}],"about":[{"href":"https:\/\/spd-stadtrat.de\/index.php?rest_route=\/wp\/v2\/types\/post"}],"author":[{"embeddable":true,"href":"https:\/\/spd-stadtrat.de\/index.php?rest_route=\/wp\/v2\/users\/3"}],"replies":[{"embeddable":true,"href":"https:\/\/spd-stadtrat.de\/index.php?rest_route=%2Fwp%2Fv2%2Fcomments&post=6244"}],"version-history":[{"count":3,"href":"https:\/\/spd-stadtrat.de\/index.php?rest_route=\/wp\/v2\/posts\/6244\/revisions"}],"predecessor-version":[{"id":6248,"href":"https:\/\/spd-stadtrat.de\/index.php?rest_route=\/wp\/v2\/posts\/6244\/revisions\/6248"}],"wp:featuredmedia":[{"embeddable":true,"href":"https:\/\/spd-stadtrat.de\/index.php?rest_route=\/wp\/v2\/media\/5719"}],"wp:attachment":[{"href":"https:\/\/spd-stadtrat.de\/index.php?rest_route=%2Fwp%2Fv2%2Fmedia&parent=6244"}],"wp:term":[{"taxonomy":"category","embeddable":true,"href":"https:\/\/spd-stadtrat.de\/index.php?rest_route=%2Fwp%2Fv2%2Fcategories&post=6244"},{"taxonomy":"post_tag","embeddable":true,"href":"https:\/\/spd-stadtrat.de\/index.php?rest_route=%2Fwp%2Fv2%2Ftags&post=6244"}],"curies":[{"name":"wp","href":"https:\/\/api.w.org\/{rel}","templated":true}]}}