{"id":6249,"date":"2023-06-26T09:46:05","date_gmt":"2023-06-26T07:46:05","guid":{"rendered":"https:\/\/spd-stadtrat.de\/?p=6249"},"modified":"2023-06-26T09:46:06","modified_gmt":"2023-06-26T07:46:06","slug":"spd-fraktion-beim-sommerempfang-von-zweitesleben-e-v","status":"publish","type":"post","link":"https:\/\/spd-stadtrat.de\/?p=6249","title":{"rendered":"SPD-Fraktion beim Sommerempfang von zweitesLEBEN e.V."},"content":{"rendered":"\n<p><\/p>\n\n\n\n<figure class=\"wp-block-image size-full\"><a href=\"https:\/\/spd-stadtrat.de\/wp-content\/uploads\/2023\/06\/Verein-zweitesLeben_Sommerempfang1_25.06.2023-150x150-1.jpg\"><img loading=\"lazy\" width=\"150\" height=\"150\" src=\"https:\/\/spd-stadtrat.de\/wp-content\/uploads\/2023\/06\/Verein-zweitesLeben_Sommerempfang1_25.06.2023-150x150-1.jpg\" alt=\"\" class=\"wp-image-6251\"\/><\/a><\/figure>\n\n\n\n<p>Heute war die SPD Stadtratsfraktion Regensburg durch unseren Fraktionsvorsitzenden Dr. Thomas Burger und unsere stellvertretende Fraktionsvorsitzende sowie Sozialstadtr\u00e4tin Evelyn Kolbe-Stockert beim Sommerempfang des Vereins zweitesLEBEN e.V. vertreten. &#8222;Es ist immer wieder beeindruckend, welch wunderbare Arbeit die Angeh\u00f6rigen des Vereins leisten und mit welchem Mut und auch Zuversicht die Betroffenen sich zur\u00fcck in ihr zweites Leben k\u00e4mpfen&#8220;, sind sich Burger und Kolbe-Stockert einig.<\/p>\n\n\n\n<p>Der Verein zweitesLEBEN e.V., unter der hervorragenden F\u00fchrung der Vorsitzenden Claudia Weidner und ihres Stellvertreters Berthold Neppel, ist ein Verein f\u00fcr Menschen mit Schlaganfall und Sch\u00e4del-Hirn-Verletzungen und deren Angeh\u00f6rige. Zweck des Vereins ist die F\u00f6rderung und Unterst\u00fctzung der Menschen mit einer erworbenen Hirnsch\u00e4digung (MeH) und deren Angeh\u00f6rigen in gesundheitlicher, beruflicher, psycho-sozialer und wirtschaftlicher Hinsicht. Er leistet Hilfe im Rahmen der Nachsorge und unterst\u00fctzt die Betroffenen, ein lebenswertes Leben zu f\u00fchren.<\/p>\n\n\n\n<p>N\u00e4here Infos: <a href=\"https:\/\/www.zweiteslebenev.de\/startseite\/\">https:\/\/www.zweiteslebenev.de\/startseite\/<\/a><\/p>\n\n\n\n<p>Foto: Dr. Thomas Burger<\/p>\n\n\n\n<p>Bildunterschrift von links: SPD-Bezirkstagskandidat Bruno Lehmeier, stv. SPD-Fraktionsvorsitzende Evelyn Kolbe-Stockert, Claudia Weidner (Vorsitzende von zweitesLEBEN e.V.), Berthold Neppel (stv. Vorsitzender von zweitesLEBEN e.V.)<\/p>\n","protected":false},"excerpt":{"rendered":"<p>Heute war die SPD Stadtratsfraktion Regensburg durch unseren Fraktionsvorsitzenden Dr. Thomas Burger und unsere stellvertretende Fraktionsvorsitzende sowie Sozialstadtr\u00e4tin Evelyn Kolbe-Stockert beim Sommerempfang des Vereins zweitesLEBEN e.V. vertreten. &#8222;Es ist immer wieder beeindruckend, welch wunderbare Arbeit die Angeh\u00f6rigen des Vereins leisten<\/p>\n","protected":false},"author":3,"featured_media":6250,"comment_status":"closed","ping_status":"open","sticky":false,"template":"","format":"standard","meta":{"ngg_post_thumbnail":0},"categories":[1],"tags":[],"jetpack_featured_media_url":"https:\/\/spd-stadtrat.de\/wp-content\/uploads\/2023\/06\/Verein-zweitesLeben_Sommerempfang1_25.06.2023.jpg","_links":{"self":[{"href":"https:\/\/spd-stadtrat.de\/index.php?rest_route=\/wp\/v2\/posts\/6249"}],"collection":[{"href":"https:\/\/spd-stadtrat.de\/index.php?rest_route=\/wp\/v2\/posts"}],"about":[{"href":"https:\/\/spd-stadtrat.de\/index.php?rest_route=\/wp\/v2\/types\/post"}],"author":[{"embeddable":true,"href":"https:\/\/spd-stadtrat.de\/index.php?rest_route=\/wp\/v2\/users\/3"}],"replies":[{"embeddable":true,"href":"https:\/\/spd-stadtrat.de\/index.php?rest_route=%2Fwp%2Fv2%2Fcomments&post=6249"}],"version-history":[{"count":1,"href":"https:\/\/spd-stadtrat.de\/index.php?rest_route=\/wp\/v2\/posts\/6249\/revisions"}],"predecessor-version":[{"id":6252,"href":"https:\/\/spd-stadtrat.de\/index.php?rest_route=\/wp\/v2\/posts\/6249\/revisions\/6252"}],"wp:featuredmedia":[{"embeddable":true,"href":"https:\/\/spd-stadtrat.de\/index.php?rest_route=\/wp\/v2\/media\/6250"}],"wp:attachment":[{"href":"https:\/\/spd-stadtrat.de\/index.php?rest_route=%2Fwp%2Fv2%2Fmedia&parent=6249"}],"wp:term":[{"taxonomy":"category","embeddable":true,"href":"https:\/\/spd-stadtrat.de\/index.php?rest_route=%2Fwp%2Fv2%2Fcategories&post=6249"},{"taxonomy":"post_tag","embeddable":true,"href":"https:\/\/spd-stadtrat.de\/index.php?rest_route=%2Fwp%2Fv2%2Ftags&post=6249"}],"curies":[{"name":"wp","href":"https:\/\/api.w.org\/{rel}","templated":true}]}}