{"id":6258,"date":"2023-06-27T12:10:21","date_gmt":"2023-06-27T10:10:21","guid":{"rendered":"https:\/\/spd-stadtrat.de\/?p=6258"},"modified":"2023-06-27T12:10:21","modified_gmt":"2023-06-27T10:10:21","slug":"spd-fraktion-besucht-die-juedische-gemeinde-regensburg","status":"publish","type":"post","link":"https:\/\/spd-stadtrat.de\/?p=6258","title":{"rendered":"SPD-Fraktion besucht die J\u00fcdische Gemeinde Regensburg"},"content":{"rendered":"\n<p><\/p>\n\n\n\n<figure class=\"wp-block-image size-full\"><a href=\"https:\/\/spd-stadtrat.de\/wp-content\/uploads\/2023\/06\/FS_Synagoge-4_26.06.2023-150x150-1.jpg\"><img loading=\"lazy\" width=\"150\" height=\"150\" src=\"https:\/\/spd-stadtrat.de\/wp-content\/uploads\/2023\/06\/FS_Synagoge-4_26.06.2023-150x150-1.jpg\" alt=\"\" class=\"wp-image-6260\"\/><\/a><\/figure>\n\n\n\n<p>Die SPD-Stadtratsfraktion Regensburg traf sich mit Vertreterinnen und Vertretern der J\u00fcdischen Gemeinde im Vorfeld der Fraktionssitzung zum Austausch. Im Gespr\u00e4ch zeigte die Vorsitzende Ilse Danziger die derzeitigen vielf\u00e4ltigen Aktivit\u00e4ten und Projekte der Gemeinde auf und berichtete \u00fcber weitere Ideen f\u00fcr die Zukunft. Fraktionsvorsitzender Dr. Thomas Burger bedankte sich f\u00fcr die aktive Beteiligung der J\u00fcdischen Gemeinde am sozialen und kulturellen Leben Regensburgs sowie die herausragende Integrationsarbeit, besonders f\u00fcr die Gefl\u00fcchteten aus der Ukraine. An die Vorsitzende \u00fcbergab er als Zeichen des Dankes Blumen in der Farbe der SPD.<\/p>\n\n\n\n<p>Die J\u00fcdische Gemeinde war neben der Vorsitzenden Ilse Danziger zudem vertreten durch Rabbi Benjamin Kocher, Sozialberaterin Dorina Kuzenko und Vorstandsmitglied Irina Gaydar.<\/p>\n\n\n\n<p>Foto: Silvia Gross<\/p>\n\n\n\n<p>Von links: Stv. Fraktionsvorsitzender Dr. Klaus Rappert, Stadtrat Alexander Irmisch, Oberb\u00fcrgermeisterin Gertrud Maltz-Schwarzfischer, Stadtrat Hans Holler, Ilse Danziger (Vorsitzende der J\u00fcdischen Gemeinde Regensburg), Fraktionsvorsitzender Dr. Thomas Burger, Sozialberaterin Dorina Kuzenko, stv. Fraktionsvorsitzende Evelyn Kolbe-Stockert, Rabbi Benjamin Kocher<\/p>\n","protected":false},"excerpt":{"rendered":"<p>Die SPD-Stadtratsfraktion Regensburg traf sich mit Vertreterinnen und Vertretern der J\u00fcdischen Gemeinde im Vorfeld der Fraktionssitzung zum Austausch. Im Gespr\u00e4ch zeigte die Vorsitzende Ilse Danziger die derzeitigen vielf\u00e4ltigen Aktivit\u00e4ten und Projekte der Gemeinde auf und berichtete \u00fcber weitere Ideen f\u00fcr<\/p>\n","protected":false},"author":3,"featured_media":6259,"comment_status":"closed","ping_status":"open","sticky":false,"template":"","format":"standard","meta":{"ngg_post_thumbnail":0},"categories":[1],"tags":[],"jetpack_featured_media_url":"https:\/\/spd-stadtrat.de\/wp-content\/uploads\/2023\/06\/FS_Synagoge-4_26.06.2023.jpg","_links":{"self":[{"href":"https:\/\/spd-stadtrat.de\/index.php?rest_route=\/wp\/v2\/posts\/6258"}],"collection":[{"href":"https:\/\/spd-stadtrat.de\/index.php?rest_route=\/wp\/v2\/posts"}],"about":[{"href":"https:\/\/spd-stadtrat.de\/index.php?rest_route=\/wp\/v2\/types\/post"}],"author":[{"embeddable":true,"href":"https:\/\/spd-stadtrat.de\/index.php?rest_route=\/wp\/v2\/users\/3"}],"replies":[{"embeddable":true,"href":"https:\/\/spd-stadtrat.de\/index.php?rest_route=%2Fwp%2Fv2%2Fcomments&post=6258"}],"version-history":[{"count":1,"href":"https:\/\/spd-stadtrat.de\/index.php?rest_route=\/wp\/v2\/posts\/6258\/revisions"}],"predecessor-version":[{"id":6261,"href":"https:\/\/spd-stadtrat.de\/index.php?rest_route=\/wp\/v2\/posts\/6258\/revisions\/6261"}],"wp:featuredmedia":[{"embeddable":true,"href":"https:\/\/spd-stadtrat.de\/index.php?rest_route=\/wp\/v2\/media\/6259"}],"wp:attachment":[{"href":"https:\/\/spd-stadtrat.de\/index.php?rest_route=%2Fwp%2Fv2%2Fmedia&parent=6258"}],"wp:term":[{"taxonomy":"category","embeddable":true,"href":"https:\/\/spd-stadtrat.de\/index.php?rest_route=%2Fwp%2Fv2%2Fcategories&post=6258"},{"taxonomy":"post_tag","embeddable":true,"href":"https:\/\/spd-stadtrat.de\/index.php?rest_route=%2Fwp%2Fv2%2Ftags&post=6258"}],"curies":[{"name":"wp","href":"https:\/\/api.w.org\/{rel}","templated":true}]}}