{"id":6264,"date":"2023-06-29T08:51:00","date_gmt":"2023-06-29T06:51:00","guid":{"rendered":"https:\/\/spd-stadtrat.de\/?p=6264"},"modified":"2023-06-29T08:51:01","modified_gmt":"2023-06-29T06:51:01","slug":"buntes-wochenende-in-regensburg-vielfalt-macht-freude","status":"publish","type":"post","link":"https:\/\/spd-stadtrat.de\/?p=6264","title":{"rendered":"Buntes Wochenende in Regensburg: Vielfalt macht Freude"},"content":{"rendered":"\n<p><\/p>\n\n\n\n<figure class=\"wp-block-image size-full\"><a href=\"https:\/\/spd-stadtrat.de\/wp-content\/uploads\/2023\/06\/Buntes-WE_Spendenuebergabe-an-besondere-Kinder-25.06.2023-150x150-1.jpg\"><img loading=\"lazy\" width=\"150\" height=\"150\" src=\"https:\/\/spd-stadtrat.de\/wp-content\/uploads\/2023\/06\/Buntes-WE_Spendenuebergabe-an-besondere-Kinder-25.06.2023-150x150-1.jpg\" alt=\"\" class=\"wp-image-6266\"\/><\/a><\/figure>\n\n\n\n<p>Es war nat\u00fcrlich Ehrensache f\u00fcr die SPD-Stadtratsfraktion Regensburg, das Bunte Wochenende zu besuchen. SPD-Oberb\u00fcrgermeisterin Gertrud Maltz-Schwarzfischer nahm sich viel Zeit, um gemeinsam mit SPD-Sozialstadtr\u00e4tin Evelyn Kolbe-Stockert jeden Stand zu besuchen und mit den Teilnehmerinnen und Teilnehmern des Bunten Wochenendes ins Gespr\u00e4ch zu kommen. &#8222;Unsere Stadt lebt von der Vielfalt. Das war in Regensburgs Stadtgeschichte schon immer so und diese Gastfreundschaft und den Austausch untereinander leben wir auch gerade in diesen Zeiten ganz bewusst. Ausgrenzung und Rassismus haben in unserer Stadt keinen Platz, dies zeigen Regensburgs B\u00fcrgerinnen und B\u00fcrger immer wieder deutlich jeden Tag, und am Bunten Wochenende besonders&#8220;, betont Kolbe-Stockert. So sei etwa der Ukrainisch-Bayerische Verein ein Beispiel daf\u00fcr, wie effektiv und schnell Integration gelingen kann. Aber auch die vielen anderen Initiativen, die sich am Bunten Wochenende pr\u00e4sentierten, belegten dies eindr\u00fccklich, so auch die integrative Tanzgruppe der Narragonia. &#8222;Vielfalt macht Freude&#8220;, ist das Fazit von Kolbe-Stockert und Maltz-Schwarzfischer.<\/p>\n\n\n\n<p>Foto: Evelyn Kolbe-Stockert<\/p>\n","protected":false},"excerpt":{"rendered":"<p>Es war nat\u00fcrlich Ehrensache f\u00fcr die SPD-Stadtratsfraktion Regensburg, das Bunte Wochenende zu besuchen. SPD-Oberb\u00fcrgermeisterin Gertrud Maltz-Schwarzfischer nahm sich viel Zeit, um gemeinsam mit SPD-Sozialstadtr\u00e4tin Evelyn Kolbe-Stockert jeden Stand zu besuchen und mit den Teilnehmerinnen und Teilnehmern des Bunten Wochenendes ins<\/p>\n","protected":false},"author":3,"featured_media":6265,"comment_status":"closed","ping_status":"open","sticky":false,"template":"","format":"standard","meta":{"ngg_post_thumbnail":0},"categories":[1],"tags":[],"jetpack_featured_media_url":"https:\/\/spd-stadtrat.de\/wp-content\/uploads\/2023\/06\/Buntes-WE_Spendenuebergabe-an-besondere-Kinder-25.06.2023-rotated.jpg","_links":{"self":[{"href":"https:\/\/spd-stadtrat.de\/index.php?rest_route=\/wp\/v2\/posts\/6264"}],"collection":[{"href":"https:\/\/spd-stadtrat.de\/index.php?rest_route=\/wp\/v2\/posts"}],"about":[{"href":"https:\/\/spd-stadtrat.de\/index.php?rest_route=\/wp\/v2\/types\/post"}],"author":[{"embeddable":true,"href":"https:\/\/spd-stadtrat.de\/index.php?rest_route=\/wp\/v2\/users\/3"}],"replies":[{"embeddable":true,"href":"https:\/\/spd-stadtrat.de\/index.php?rest_route=%2Fwp%2Fv2%2Fcomments&post=6264"}],"version-history":[{"count":1,"href":"https:\/\/spd-stadtrat.de\/index.php?rest_route=\/wp\/v2\/posts\/6264\/revisions"}],"predecessor-version":[{"id":6267,"href":"https:\/\/spd-stadtrat.de\/index.php?rest_route=\/wp\/v2\/posts\/6264\/revisions\/6267"}],"wp:featuredmedia":[{"embeddable":true,"href":"https:\/\/spd-stadtrat.de\/index.php?rest_route=\/wp\/v2\/media\/6265"}],"wp:attachment":[{"href":"https:\/\/spd-stadtrat.de\/index.php?rest_route=%2Fwp%2Fv2%2Fmedia&parent=6264"}],"wp:term":[{"taxonomy":"category","embeddable":true,"href":"https:\/\/spd-stadtrat.de\/index.php?rest_route=%2Fwp%2Fv2%2Fcategories&post=6264"},{"taxonomy":"post_tag","embeddable":true,"href":"https:\/\/spd-stadtrat.de\/index.php?rest_route=%2Fwp%2Fv2%2Ftags&post=6264"}],"curies":[{"name":"wp","href":"https:\/\/api.w.org\/{rel}","templated":true}]}}