{"id":6268,"date":"2023-06-29T08:54:28","date_gmt":"2023-06-29T06:54:28","guid":{"rendered":"https:\/\/spd-stadtrat.de\/?p=6268"},"modified":"2023-06-29T08:54:29","modified_gmt":"2023-06-29T06:54:29","slug":"erinnerung-an-die-stonewall-aufstaende-und-den-beginn-der-lsbtiq-buergerrechtsbewegung","status":"publish","type":"post","link":"https:\/\/spd-stadtrat.de\/?p=6268","title":{"rendered":"Erinnerung an die Stonewall-Aufst\u00e4nde und den Beginn der LSBTIQ*-B\u00fcrgerrechtsbewegung"},"content":{"rendered":"\n<p><\/p>\n\n\n\n<p>Vor 54 Jahren, am 28. Juni 1969, erhoben sich in der New Yorker Christopher Street vor dem Stonewall Inn Homosexuelle, trans* Frauen und People of Colour gemeinsam gegen andauernde, willk\u00fcrliche Verfolgung, \u00dcbergriffe und Razzien durch die New Yorker Polizei in Schwulenbars.<\/p>\n\n\n\n<figure class=\"wp-block-image size-full\"><a href=\"https:\/\/spd-stadtrat.de\/wp-content\/uploads\/2023\/06\/Regensburg-bunt_CSD_28.06.2023-150x150-1.jpg\"><img loading=\"lazy\" width=\"150\" height=\"150\" src=\"https:\/\/spd-stadtrat.de\/wp-content\/uploads\/2023\/06\/Regensburg-bunt_CSD_28.06.2023-150x150-1.jpg\" alt=\"\" class=\"wp-image-6270\"\/><\/a><\/figure>\n\n\n\n<p>Die Stonewall-Aufst\u00e4nde wurden zur Geburtsstunde der weltweiten LSBTIQ*-B\u00fcrgerrechtsbewegung im Kampf gegen Diskriminierung und f\u00fcr die Rechte, Akzeptanz und Gleichstellung von LSBTIQ*.<\/p>\n\n\n\n<p>Die Stadt Regensburg und Oberb\u00fcrgermeisterin Gertrud Maltz-Schwarzfischer haben mit dem Hissen der Regenbogenfahne vor dem Alten Rathaus an diesen Tag erinnert und somit zugleich auch ein Zeichen der Unterst\u00fctzung und Solidarit\u00e4t mit der LSBTIQ*-Community gesetzt.<\/p>\n\n\n\n<p>Foto: Alexander Irmisch<\/p>\n","protected":false},"excerpt":{"rendered":"<p>Vor 54 Jahren, am 28. Juni 1969, erhoben sich in der New Yorker Christopher Street vor dem Stonewall Inn Homosexuelle, trans* Frauen und People of Colour gemeinsam gegen andauernde, willk\u00fcrliche Verfolgung, \u00dcbergriffe und Razzien durch die New Yorker Polizei in<\/p>\n","protected":false},"author":3,"featured_media":6269,"comment_status":"closed","ping_status":"open","sticky":false,"template":"","format":"standard","meta":{"ngg_post_thumbnail":0},"categories":[1],"tags":[],"jetpack_featured_media_url":"https:\/\/spd-stadtrat.de\/wp-content\/uploads\/2023\/06\/Regensburg-bunt_CSD_28.06.2023.jpg","_links":{"self":[{"href":"https:\/\/spd-stadtrat.de\/index.php?rest_route=\/wp\/v2\/posts\/6268"}],"collection":[{"href":"https:\/\/spd-stadtrat.de\/index.php?rest_route=\/wp\/v2\/posts"}],"about":[{"href":"https:\/\/spd-stadtrat.de\/index.php?rest_route=\/wp\/v2\/types\/post"}],"author":[{"embeddable":true,"href":"https:\/\/spd-stadtrat.de\/index.php?rest_route=\/wp\/v2\/users\/3"}],"replies":[{"embeddable":true,"href":"https:\/\/spd-stadtrat.de\/index.php?rest_route=%2Fwp%2Fv2%2Fcomments&post=6268"}],"version-history":[{"count":1,"href":"https:\/\/spd-stadtrat.de\/index.php?rest_route=\/wp\/v2\/posts\/6268\/revisions"}],"predecessor-version":[{"id":6271,"href":"https:\/\/spd-stadtrat.de\/index.php?rest_route=\/wp\/v2\/posts\/6268\/revisions\/6271"}],"wp:featuredmedia":[{"embeddable":true,"href":"https:\/\/spd-stadtrat.de\/index.php?rest_route=\/wp\/v2\/media\/6269"}],"wp:attachment":[{"href":"https:\/\/spd-stadtrat.de\/index.php?rest_route=%2Fwp%2Fv2%2Fmedia&parent=6268"}],"wp:term":[{"taxonomy":"category","embeddable":true,"href":"https:\/\/spd-stadtrat.de\/index.php?rest_route=%2Fwp%2Fv2%2Fcategories&post=6268"},{"taxonomy":"post_tag","embeddable":true,"href":"https:\/\/spd-stadtrat.de\/index.php?rest_route=%2Fwp%2Fv2%2Ftags&post=6268"}],"curies":[{"name":"wp","href":"https:\/\/api.w.org\/{rel}","templated":true}]}}