{"id":6278,"date":"2023-06-29T15:19:26","date_gmt":"2023-06-29T13:19:26","guid":{"rendered":"https:\/\/spd-stadtrat.de\/?p=6278"},"modified":"2023-06-29T20:19:17","modified_gmt":"2023-06-29T18:19:17","slug":"vorausgehen-lesung-aus-der-biographie-von-christa-maier","status":"publish","type":"post","link":"https:\/\/spd-stadtrat.de\/?p=6278","title":{"rendered":"&#8222;Vorausgehen&#8220; &#8211; Lesung aus der Biographie von Christa Meier"},"content":{"rendered":"\n<figure class=\"wp-block-image\"><img src=\"https:\/\/spd-stadtrat.de\/wp-content\/uploads\/2023\/06\/Vorausgehen_Lesung-mit-Christa-Meier-19_28.06.2023-1-150x150.jpg\" alt=\"\"\/><\/figure>\n\n\n\n<p>&#8222;Vorausgehen&#8220; &#8211; Gestern fand im Leeren Beutel die eindrucksvolle Vorstellung der Biographie \u00fcber SPD-Legende Christa Meier statt. Gekonnt moderiert von <a href=\"https:\/\/www.facebook.com\/petra.stikel.5?__cft__[0]=AZUVgko-q-R2a_sECVP-W7-UZMYQNKu5AEbAkuzYUYCNdq2BXi2jdjloV0fuFH3oWVQ5ktVDvITWyr8i6m6mML0JJnDn08faUtjayo6gbld2uROyYCb3PxVqRlsme8jASE0kOFh1vLFkSWOW92eolD_q&amp;__tn__=-]K-R\">Petra Stikel<\/a>, eindrucksvoll zu Papier gebracht und gelesen von Julia Weigl-Wagner, herausgebracht von der Friedrich-Ebert-Stiftung, repr\u00e4sentiert durch Eva Nagler. Mit Christa Meier wurde eine ganz Gro\u00dfe der SPD geehrt. 1990 wurde die \u00fcberzeugte SPD-Frau in Regensburg zur ersten Oberb\u00fcrgermeisterin einer bayerischen Gro\u00dfstadt gew\u00e4hlt. Sechs Jahre lang schrieb sie in dieser Funktion Geschichte und bereitete f\u00fcr politische Nachfahrinnen den Weg. &#8222;Sie hat eine Schneise im bayerischen, m\u00e4nnerdominierten politischen Kosmos geschlagen, ist buchst\u00e4blich vorausgegangen&#8220;, kommentiert SPD-Fraktionsvorsitzender Dr. <a href=\"https:\/\/www.facebook.com\/Thomas112Burger?__cft__[0]=AZUVgko-q-R2a_sECVP-W7-UZMYQNKu5AEbAkuzYUYCNdq2BXi2jdjloV0fuFH3oWVQ5ktVDvITWyr8i6m6mML0JJnDn08faUtjayo6gbld2uROyYCb3PxVqRlsme8jASE0kOFh1vLFkSWOW92eolD_q&amp;__tn__=-]K-R\">Thomas Burger<\/a> die Buchver\u00f6ffentlichung seiner Parteigenossin. Christa Meier selbst betrachtet ihre Zeit als Regensburger Stadtoberhaupt als eine der h\u00e4rtesten Phasen ihres Lebens, als Frauen in der Politik noch eine Seltenheit waren, nicht wirklich ernst genommen wurden und die Durchsetzung so mancher vision\u00e4rer Projekte, wie etwa die Verkehrsberuhigung der Regensburger Altstadt oder der Ausbau der Kinderbetreuung, K\u00e4mpfe bedeuteten: &#8222;Jedoch war Aufgeben nie eine Option, das bin ich einfach nicht, ich erledige meine Aufgaben zu Ende&#8220;. Gekommen waren viele Weggef\u00e4hrt*innen \u00fcber die bayerische SPD-Generalsekret\u00e4rin <a href=\"https:\/\/www.facebook.com\/Ruth.Mueller.SPD?__cft__[0]=AZUVgko-q-R2a_sECVP-W7-UZMYQNKu5AEbAkuzYUYCNdq2BXi2jdjloV0fuFH3oWVQ5ktVDvITWyr8i6m6mML0JJnDn08faUtjayo6gbld2uROyYCb3PxVqRlsme8jASE0kOFh1vLFkSWOW92eolD_q&amp;__tn__=-]K-R\">Ruth M\u00fcller<\/a>, SPD-<a href=\"https:\/\/www.facebook.com\/oberbuergermeisterin.maltz.schwarzfischer?__cft__[0]=AZUVgko-q-R2a_sECVP-W7-UZMYQNKu5AEbAkuzYUYCNdq2BXi2jdjloV0fuFH3oWVQ5ktVDvITWyr8i6m6mML0JJnDn08faUtjayo6gbld2uROyYCb3PxVqRlsme8jASE0kOFh1vLFkSWOW92eolD_q&amp;__tn__=-]K-R\">Oberb\u00fcrgermeisterin Gertrud Maltz-Schwarzfischer<\/a>, SPD-B\u00fcrgermeister a.D. <a href=\"https:\/\/www.facebook.com\/walter.annuss?__cft__[0]=AZUVgko-q-R2a_sECVP-W7-UZMYQNKu5AEbAkuzYUYCNdq2BXi2jdjloV0fuFH3oWVQ5ktVDvITWyr8i6m6mML0JJnDn08faUtjayo6gbld2uROyYCb3PxVqRlsme8jASE0kOFh1vLFkSWOW92eolD_q&amp;__tn__=-]K-R\">Walter Annu\u00df<\/a>, SPD-Stadtr\u00e4tin sowie stellvertretende Fraktionsvorsitzende <a href=\"https:\/\/www.facebook.com\/evelyn.kolbestockert?__cft__[0]=AZUVgko-q-R2a_sECVP-W7-UZMYQNKu5AEbAkuzYUYCNdq2BXi2jdjloV0fuFH3oWVQ5ktVDvITWyr8i6m6mML0JJnDn08faUtjayo6gbld2uROyYCb3PxVqRlsme8jASE0kOFh1vLFkSWOW92eolD_q&amp;__tn__=-]K-R\">Evelyn Kolbe-Stockert<\/a>, SPD-Stadtrat <a href=\"https:\/\/www.facebook.com\/alexander.irmisch75?__cft__[0]=AZUVgko-q-R2a_sECVP-W7-UZMYQNKu5AEbAkuzYUYCNdq2BXi2jdjloV0fuFH3oWVQ5ktVDvITWyr8i6m6mML0JJnDn08faUtjayo6gbld2uROyYCb3PxVqRlsme8jASE0kOFh1vLFkSWOW92eolD_q&amp;__tn__=-]K-R\">Alexander Irmisch<\/a>, SPD-Stadtrat Hans Holler, SPD-Landtagskandidat <a href=\"https:\/\/www.facebook.com\/sebastian.koch.52206?__cft__[0]=AZUVgko-q-R2a_sECVP-W7-UZMYQNKu5AEbAkuzYUYCNdq2BXi2jdjloV0fuFH3oWVQ5ktVDvITWyr8i6m6mML0JJnDn08faUtjayo6gbld2uROyYCb3PxVqRlsme8jASE0kOFh1vLFkSWOW92eolD_q&amp;__tn__=-]K-R\">Sebastian Koch<\/a>, SPD-Stadtverbandsvorsitzende Claudia Neumaier, stv. SPD-Stadtverbandsvorsitzende Anna Gmeiner, SPD-Fraktionsgesch\u00e4ftsf\u00fchrerin Silvia Gross, B\u00fcrgermeister a.D. J\u00fcrgen Huber, Pr\u00e4sident a.D. der OTH Prof. Dr. Josef Eckstein, BLVKK-Pr\u00e4sidentin Carola Kupfer, MdL J\u00fcrgen Mistol, Gr\u00fcnen-Fraktionsvorsitzende Maria Simon mit ihrem Stadtratskollegen Florian Rottke, ehemalige wie aktuelle st\u00e4dtische Referent*innen. Sie alle erwiesen ihre Reverenz. Deutlich wurde an diesem Abend, wie sehr Christa Meier die Anwesenden in ihren politischen Biographien gepr\u00e4gt und beeinflusst hat und welchen Respekt sie genie\u00dft. <a href=\"https:\/\/www.facebook.com\/oberbuergermeisterin.maltz.schwarzfischer?__cft__[0]=AZUVgko-q-R2a_sECVP-W7-UZMYQNKu5AEbAkuzYUYCNdq2BXi2jdjloV0fuFH3oWVQ5ktVDvITWyr8i6m6mML0JJnDn08faUtjayo6gbld2uROyYCb3PxVqRlsme8jASE0kOFh1vLFkSWOW92eolD_q&amp;__tn__=-]K-R\">Oberb\u00fcrgermeisterin Gertrud Maltz-Schwarzfischer<\/a> betonte in ihrem Gru\u00dfwort, dass Christa Meier ihr Engagement f\u00fcr Regensburg und die SPD ma\u00dfgeblich beeinflusst habe. SPD-Generalsekret\u00e4rin <a href=\"https:\/\/www.facebook.com\/Ruth.Mueller.SPD?__cft__[0]=AZUVgko-q-R2a_sECVP-W7-UZMYQNKu5AEbAkuzYUYCNdq2BXi2jdjloV0fuFH3oWVQ5ktVDvITWyr8i6m6mML0JJnDn08faUtjayo6gbld2uROyYCb3PxVqRlsme8jASE0kOFh1vLFkSWOW92eolD_q&amp;__tn__=-]K-R\">Ruth M\u00fcller<\/a> wies darauf hin, wie n\u00f6tig solche starken weiblichen Vorbilder auch heute immer noch seien, geh\u00f6rten doch derzeit dem Bayerischen Landtag nur 28,2 Prozent weibliche Abgeordnete an. Christa Meier ist vorausgegangen und ist immer noch f\u00fcr viele ein Vorbild.<\/p>\n\n\n\n<p><\/p>\n\n\n\n<p>Foto: Silvia Gross<\/p>\n\n\n\n<figure class=\"wp-block-gallery has-nested-images columns-default is-cropped\">\n<figure class=\"wp-block-image size-large\"><a href=\"https:\/\/spd-stadtrat.de\/wp-content\/uploads\/2023\/06\/Vorausgehen_Lesung-mit-Christa-Meier-19_28.06.2023.jpg\"><img loading=\"lazy\" width=\"768\" height=\"1024\" data-id=\"6279\"  src=\"https:\/\/spd-stadtrat.de\/wp-content\/uploads\/2023\/06\/Vorausgehen_Lesung-mit-Christa-Meier-19_28.06.2023-768x1024.jpg\" alt=\"\" class=\"wp-image-6279\" srcset=\"https:\/\/spd-stadtrat.de\/wp-content\/uploads\/2023\/06\/Vorausgehen_Lesung-mit-Christa-Meier-19_28.06.2023-768x1024.jpg 768w, https:\/\/spd-stadtrat.de\/wp-content\/uploads\/2023\/06\/Vorausgehen_Lesung-mit-Christa-Meier-19_28.06.2023-225x300.jpg 225w, https:\/\/spd-stadtrat.de\/wp-content\/uploads\/2023\/06\/Vorausgehen_Lesung-mit-Christa-Meier-19_28.06.2023-1152x1536.jpg 1152w, https:\/\/spd-stadtrat.de\/wp-content\/uploads\/2023\/06\/Vorausgehen_Lesung-mit-Christa-Meier-19_28.06.2023.jpg 1512w\" sizes=\"(max-width: 768px) 100vw, 768px\" \/><\/a><\/figure>\n<\/figure>\n","protected":false},"excerpt":{"rendered":"<p>&#8222;Vorausgehen&#8220; &#8211; Gestern fand im Leeren Beutel die eindrucksvolle Vorstellung der Biographie \u00fcber SPD-Legende Christa Meier statt. Gekonnt moderiert von Petra Stikel, eindrucksvoll zu Papier gebracht und gelesen von Julia Weigl-Wagner, herausgebracht von der Friedrich-Ebert-Stiftung, repr\u00e4sentiert durch Eva Nagler. Mit<\/p>\n","protected":false},"author":3,"featured_media":6282,"comment_status":"closed","ping_status":"open","sticky":false,"template":"","format":"standard","meta":{"ngg_post_thumbnail":0},"categories":[1],"tags":[],"jetpack_featured_media_url":"https:\/\/spd-stadtrat.de\/wp-content\/uploads\/2023\/06\/Vorausgehen_Lesung-mit-Christa-Meier-19_28.06.2023-1.jpg","_links":{"self":[{"href":"https:\/\/spd-stadtrat.de\/index.php?rest_route=\/wp\/v2\/posts\/6278"}],"collection":[{"href":"https:\/\/spd-stadtrat.de\/index.php?rest_route=\/wp\/v2\/posts"}],"about":[{"href":"https:\/\/spd-stadtrat.de\/index.php?rest_route=\/wp\/v2\/types\/post"}],"author":[{"embeddable":true,"href":"https:\/\/spd-stadtrat.de\/index.php?rest_route=\/wp\/v2\/users\/3"}],"replies":[{"embeddable":true,"href":"https:\/\/spd-stadtrat.de\/index.php?rest_route=%2Fwp%2Fv2%2Fcomments&post=6278"}],"version-history":[{"count":4,"href":"https:\/\/spd-stadtrat.de\/index.php?rest_route=\/wp\/v2\/posts\/6278\/revisions"}],"predecessor-version":[{"id":6285,"href":"https:\/\/spd-stadtrat.de\/index.php?rest_route=\/wp\/v2\/posts\/6278\/revisions\/6285"}],"wp:featuredmedia":[{"embeddable":true,"href":"https:\/\/spd-stadtrat.de\/index.php?rest_route=\/wp\/v2\/media\/6282"}],"wp:attachment":[{"href":"https:\/\/spd-stadtrat.de\/index.php?rest_route=%2Fwp%2Fv2%2Fmedia&parent=6278"}],"wp:term":[{"taxonomy":"category","embeddable":true,"href":"https:\/\/spd-stadtrat.de\/index.php?rest_route=%2Fwp%2Fv2%2Fcategories&post=6278"},{"taxonomy":"post_tag","embeddable":true,"href":"https:\/\/spd-stadtrat.de\/index.php?rest_route=%2Fwp%2Fv2%2Ftags&post=6278"}],"curies":[{"name":"wp","href":"https:\/\/api.w.org\/{rel}","templated":true}]}}