{"id":6291,"date":"2023-07-03T09:04:37","date_gmt":"2023-07-03T07:04:37","guid":{"rendered":"https:\/\/spd-stadtrat.de\/?p=6291"},"modified":"2023-07-03T09:04:38","modified_gmt":"2023-07-03T07:04:38","slug":"sonne-fuers-leben-sommerfest-des-pater-rupert-mayer-zentrums","status":"publish","type":"post","link":"https:\/\/spd-stadtrat.de\/?p=6291","title":{"rendered":"Sonne f\u00fcrs Leben: Sommerfest des Pater-Rupert-Mayer-Zentrums"},"content":{"rendered":"\n<p><\/p>\n\n\n\n<figure class=\"wp-block-image size-full\"><a href=\"https:\/\/spd-stadtrat.de\/wp-content\/uploads\/2023\/07\/Pater-Rupert-Mayer-Zentrum_Sommerfest1_1.7.2023-150x150-1.jpg\"><img loading=\"lazy\" width=\"150\" height=\"150\" src=\"https:\/\/spd-stadtrat.de\/wp-content\/uploads\/2023\/07\/Pater-Rupert-Mayer-Zentrum_Sommerfest1_1.7.2023-150x150-1.jpg\" alt=\"\" class=\"wp-image-6293\"\/><\/a><\/figure>\n\n\n\n<p>Beim Sommerfest des Pater-Rupert-Mayer-Zentrums vertrat Dr. Thomas Burger, Vorsitzender der SPD Stadtratsfraktion Regensburg, Oberb\u00fcrgermeisterin Gertrud Maltz-Schwarzfischer. Was 1976 als kleines Projekt begann, hat sich als weit \u00fcber Regensburg hinaus bekanntes Pater-Rupert-Mayer-Zentrum unter dem Dach der Katholische Jugendf\u00fcrsorge der Di\u00f6zese Regensburg e.V. (KJF) bis heute zu einer unglaublich vielf\u00e4ltigen Einrichtung mit integrativer Strahlkraft entwickelt, in der pro Jahr rund 1.000 Kinder und Jugendliche in ihrer motorischen, k\u00f6rperlichen oder psychosozialen Entwicklung unterst\u00fctzt werden. Burger bedankte sich f\u00fcr dies beeindruckende Leistung eines richtig starken Teams bei Einrichtungsleiterin Gerlinde Dubb sowie bei Michael Eibl, dem Direktor der KJF.<\/p>\n\n\n\n<p>Mit dabei war auch die von Eltern und Mitarbeitenden 1995 ins Leben gerufene gro\u00dfartige Aktionsgemeinschaft &#8222;Sonne f\u00fcrs Leben&#8220;, die dem Pater-Rupert-Mayer-Zentrum tatkr\u00e4ftig unter die Arme greift. Hier gibt&#8217;s noch mehr Informationen, wie man unterst\u00fctzen kann: <a href=\"https:\/\/www.prmz.de\/sonne-fuers-leben\">https:\/\/www.prmz.de\/sonne-fuers-leben<\/a><\/p>\n\n\n\n<p>Foto: Dr. Thomas Burger<\/p>\n","protected":false},"excerpt":{"rendered":"<p>Beim Sommerfest des Pater-Rupert-Mayer-Zentrums vertrat Dr. Thomas Burger, Vorsitzender der SPD Stadtratsfraktion Regensburg, Oberb\u00fcrgermeisterin Gertrud Maltz-Schwarzfischer. Was 1976 als kleines Projekt begann, hat sich als weit \u00fcber Regensburg hinaus bekanntes Pater-Rupert-Mayer-Zentrum unter dem Dach der Katholische Jugendf\u00fcrsorge der Di\u00f6zese Regensburg<\/p>\n","protected":false},"author":3,"featured_media":6292,"comment_status":"closed","ping_status":"open","sticky":false,"template":"","format":"standard","meta":{"ngg_post_thumbnail":0},"categories":[1],"tags":[],"jetpack_featured_media_url":"https:\/\/spd-stadtrat.de\/wp-content\/uploads\/2023\/07\/Pater-Rupert-Mayer-Zentrum_Sommerfest1_1.7.2023.jpg","_links":{"self":[{"href":"https:\/\/spd-stadtrat.de\/index.php?rest_route=\/wp\/v2\/posts\/6291"}],"collection":[{"href":"https:\/\/spd-stadtrat.de\/index.php?rest_route=\/wp\/v2\/posts"}],"about":[{"href":"https:\/\/spd-stadtrat.de\/index.php?rest_route=\/wp\/v2\/types\/post"}],"author":[{"embeddable":true,"href":"https:\/\/spd-stadtrat.de\/index.php?rest_route=\/wp\/v2\/users\/3"}],"replies":[{"embeddable":true,"href":"https:\/\/spd-stadtrat.de\/index.php?rest_route=%2Fwp%2Fv2%2Fcomments&post=6291"}],"version-history":[{"count":1,"href":"https:\/\/spd-stadtrat.de\/index.php?rest_route=\/wp\/v2\/posts\/6291\/revisions"}],"predecessor-version":[{"id":6294,"href":"https:\/\/spd-stadtrat.de\/index.php?rest_route=\/wp\/v2\/posts\/6291\/revisions\/6294"}],"wp:featuredmedia":[{"embeddable":true,"href":"https:\/\/spd-stadtrat.de\/index.php?rest_route=\/wp\/v2\/media\/6292"}],"wp:attachment":[{"href":"https:\/\/spd-stadtrat.de\/index.php?rest_route=%2Fwp%2Fv2%2Fmedia&parent=6291"}],"wp:term":[{"taxonomy":"category","embeddable":true,"href":"https:\/\/spd-stadtrat.de\/index.php?rest_route=%2Fwp%2Fv2%2Fcategories&post=6291"},{"taxonomy":"post_tag","embeddable":true,"href":"https:\/\/spd-stadtrat.de\/index.php?rest_route=%2Fwp%2Fv2%2Ftags&post=6291"}],"curies":[{"name":"wp","href":"https:\/\/api.w.org\/{rel}","templated":true}]}}