{"id":6307,"date":"2023-07-05T09:48:12","date_gmt":"2023-07-05T07:48:12","guid":{"rendered":"https:\/\/spd-stadtrat.de\/?p=6307"},"modified":"2023-07-05T09:48:12","modified_gmt":"2023-07-05T07:48:12","slug":"workshop-mobilitaetskonzept","status":"publish","type":"post","link":"https:\/\/spd-stadtrat.de\/?p=6307","title":{"rendered":"Workshop Mobilit\u00e4tskonzept"},"content":{"rendered":"\n<p><\/p>\n\n\n\n<figure class=\"wp-block-image size-full\"><a href=\"https:\/\/spd-stadtrat.de\/wp-content\/uploads\/2023\/07\/Mobilitaetsworkshop_26.06.2023-1-e1688542044868-150x150-1.jpg\"><img loading=\"lazy\" width=\"150\" height=\"150\" src=\"https:\/\/spd-stadtrat.de\/wp-content\/uploads\/2023\/07\/Mobilitaetsworkshop_26.06.2023-1-e1688542044868-150x150-1.jpg\" alt=\"\" class=\"wp-image-6310\"\/><\/a><\/figure>\n\n\n\n<p>Am Ma\u00dfnahmenworkshop f\u00fcr das Mobilit\u00e4tskonzept f\u00fcr den Gro\u00dfraum Regensburg nahm die SPD-Stadtratsfraktion selbstverst\u00e4ndlich teil. F\u00fcr die Fraktion waren mit dabei Evelyn Kolbe-Stockert, Alexander Irmisch und Dr. Klaus Rappert gemeinsam mit SPD- Oberb\u00fcrgermeisterin Gertrud Maltz-Schwarzfischer.<\/p>\n\n\n\n<p>Foto: Alexander Irmisch<\/p>\n","protected":false},"excerpt":{"rendered":"<p>Am Ma\u00dfnahmenworkshop f\u00fcr das Mobilit\u00e4tskonzept f\u00fcr den Gro\u00dfraum Regensburg nahm die SPD-Stadtratsfraktion selbstverst\u00e4ndlich teil. F\u00fcr die Fraktion waren mit dabei Evelyn Kolbe-Stockert, Alexander Irmisch und Dr. Klaus Rappert gemeinsam mit SPD- Oberb\u00fcrgermeisterin Gertrud Maltz-Schwarzfischer. Foto: Alexander Irmisch<\/p>\n","protected":false},"author":3,"featured_media":6309,"comment_status":"closed","ping_status":"open","sticky":false,"template":"","format":"standard","meta":{"ngg_post_thumbnail":0},"categories":[1],"tags":[],"jetpack_featured_media_url":"https:\/\/spd-stadtrat.de\/wp-content\/uploads\/2023\/07\/Mobilitaetsworkshop_26.06.2023-1-e1688542044868.jpg","_links":{"self":[{"href":"https:\/\/spd-stadtrat.de\/index.php?rest_route=\/wp\/v2\/posts\/6307"}],"collection":[{"href":"https:\/\/spd-stadtrat.de\/index.php?rest_route=\/wp\/v2\/posts"}],"about":[{"href":"https:\/\/spd-stadtrat.de\/index.php?rest_route=\/wp\/v2\/types\/post"}],"author":[{"embeddable":true,"href":"https:\/\/spd-stadtrat.de\/index.php?rest_route=\/wp\/v2\/users\/3"}],"replies":[{"embeddable":true,"href":"https:\/\/spd-stadtrat.de\/index.php?rest_route=%2Fwp%2Fv2%2Fcomments&post=6307"}],"version-history":[{"count":1,"href":"https:\/\/spd-stadtrat.de\/index.php?rest_route=\/wp\/v2\/posts\/6307\/revisions"}],"predecessor-version":[{"id":6311,"href":"https:\/\/spd-stadtrat.de\/index.php?rest_route=\/wp\/v2\/posts\/6307\/revisions\/6311"}],"wp:featuredmedia":[{"embeddable":true,"href":"https:\/\/spd-stadtrat.de\/index.php?rest_route=\/wp\/v2\/media\/6309"}],"wp:attachment":[{"href":"https:\/\/spd-stadtrat.de\/index.php?rest_route=%2Fwp%2Fv2%2Fmedia&parent=6307"}],"wp:term":[{"taxonomy":"category","embeddable":true,"href":"https:\/\/spd-stadtrat.de\/index.php?rest_route=%2Fwp%2Fv2%2Fcategories&post=6307"},{"taxonomy":"post_tag","embeddable":true,"href":"https:\/\/spd-stadtrat.de\/index.php?rest_route=%2Fwp%2Fv2%2Ftags&post=6307"}],"curies":[{"name":"wp","href":"https:\/\/api.w.org\/{rel}","templated":true}]}}