{"id":6318,"date":"2023-07-06T06:32:22","date_gmt":"2023-07-06T04:32:22","guid":{"rendered":"https:\/\/spd-stadtrat.de\/?p=6318"},"modified":"2023-07-06T06:32:23","modified_gmt":"2023-07-06T04:32:23","slug":"fraktion-vor-ort-austausch-mit-der-moscheegemeinde","status":"publish","type":"post","link":"https:\/\/spd-stadtrat.de\/?p=6318","title":{"rendered":"Fraktion vor Ort: Austausch mit der Moscheegemeinde"},"content":{"rendered":"\n<p><\/p>\n\n\n\n<figure class=\"wp-block-image\"><img src=\"https:\/\/spd-stadtrat.de\/wp-content\/uploads\/2023\/07\/Moschee14_03.07.2023-150x150.jpg\" alt=\"\"\/><\/figure>\n\n\n\n<p>Die SPD Stadtratsfraktion Regensburg besuchte anl\u00e4sslich ihres Formats &#8222;Fraktion vor Ort&#8220; diesmal die \u201eDitib Regensburg T\u00fcrkisch Islamische Gemeinde zu Regensburg e . V\u201c in der Maxh\u00fcttenstra\u00dfe. Diese Moscheegemeinde existiert bereits seit 1978 in Regensburg, engagiert sich sozial, in der Jugendarbeit und im interreligi\u00f6sen Dialog.<\/p>\n\n\n\n<p>Mit herzlicher Gastfreundschaft wurde die Fraktion mit Rosenwasser, einer traditionellen S\u00fc\u00dfigkeit zum Zuckerfest und Selbstgekochtem empfangen. Es folgte ein intensiver, offener Austausch und eine interessante F\u00fchrung durch die beeindruckenden R\u00e4ume der Moschee. Fraktionsvorsitzender Dr. Thomas Burger bedankte sich mit Blumen bei Elif Elbistan, der 2. Vorsitzenden der Gemeinde. Oberb\u00fcrgermeisterin Gertrud Maltz-Schwarzfischer schloss sich dem Dank an.<\/p>\n\n\n\n<p>Gespr\u00e4chspartnerinnen und Gespr\u00e4chspartner war der Vorstand der Moscheegemeinde: Yavuz \u00c7eki\u00e7 \u2013 Vorstandsvorsitzender,<\/p>\n\n\n\n<p>Elif Elbistan &#8211; stellvertretende Vorsitzende, U\u011fur Akkaya \u2013 Buchhalter, Ebubekir Do\u011fan \u2013 Elternvertreter, Beisitzer Tar\u0131k So\u011fan \u2013 Jugendvertreter, Beisitzerin Yadigar Yavuz &#8211; stellvertretende Frauenbeauftragte, Fatma Do\u011fan &#8211; Sekret\u00e4rin Frauenabteilung, Elmas Korkmazer &#8211; aktives Mitglied Frauenabteilung<\/p>\n\n\n\n<p>Foto: Dr. Thomas Burger<\/p>\n","protected":false},"excerpt":{"rendered":"<p>Die SPD Stadtratsfraktion Regensburg besuchte anl\u00e4sslich ihres Formats &#8222;Fraktion vor Ort&#8220; diesmal die \u201eDitib Regensburg T\u00fcrkisch Islamische Gemeinde zu Regensburg e . V\u201c in der Maxh\u00fcttenstra\u00dfe. Diese Moscheegemeinde existiert bereits seit 1978 in Regensburg, engagiert sich sozial, in der Jugendarbeit<\/p>\n","protected":false},"author":3,"featured_media":6319,"comment_status":"closed","ping_status":"open","sticky":false,"template":"","format":"standard","meta":{"ngg_post_thumbnail":0},"categories":[1],"tags":[],"jetpack_featured_media_url":"https:\/\/spd-stadtrat.de\/wp-content\/uploads\/2023\/07\/Moschee14_03.07.2023.jpg","_links":{"self":[{"href":"https:\/\/spd-stadtrat.de\/index.php?rest_route=\/wp\/v2\/posts\/6318"}],"collection":[{"href":"https:\/\/spd-stadtrat.de\/index.php?rest_route=\/wp\/v2\/posts"}],"about":[{"href":"https:\/\/spd-stadtrat.de\/index.php?rest_route=\/wp\/v2\/types\/post"}],"author":[{"embeddable":true,"href":"https:\/\/spd-stadtrat.de\/index.php?rest_route=\/wp\/v2\/users\/3"}],"replies":[{"embeddable":true,"href":"https:\/\/spd-stadtrat.de\/index.php?rest_route=%2Fwp%2Fv2%2Fcomments&post=6318"}],"version-history":[{"count":1,"href":"https:\/\/spd-stadtrat.de\/index.php?rest_route=\/wp\/v2\/posts\/6318\/revisions"}],"predecessor-version":[{"id":6320,"href":"https:\/\/spd-stadtrat.de\/index.php?rest_route=\/wp\/v2\/posts\/6318\/revisions\/6320"}],"wp:featuredmedia":[{"embeddable":true,"href":"https:\/\/spd-stadtrat.de\/index.php?rest_route=\/wp\/v2\/media\/6319"}],"wp:attachment":[{"href":"https:\/\/spd-stadtrat.de\/index.php?rest_route=%2Fwp%2Fv2%2Fmedia&parent=6318"}],"wp:term":[{"taxonomy":"category","embeddable":true,"href":"https:\/\/spd-stadtrat.de\/index.php?rest_route=%2Fwp%2Fv2%2Fcategories&post=6318"},{"taxonomy":"post_tag","embeddable":true,"href":"https:\/\/spd-stadtrat.de\/index.php?rest_route=%2Fwp%2Fv2%2Ftags&post=6318"}],"curies":[{"name":"wp","href":"https:\/\/api.w.org\/{rel}","templated":true}]}}