{"id":6396,"date":"2023-07-19T12:47:54","date_gmt":"2023-07-19T10:47:54","guid":{"rendered":"https:\/\/spd-stadtrat.de\/?p=6396"},"modified":"2023-07-19T12:47:54","modified_gmt":"2023-07-19T10:47:54","slug":"zu-gast-beim-sommerempfang-des-bayerischen-landtags-im-neuen-schloss-schleissheim","status":"publish","type":"post","link":"https:\/\/spd-stadtrat.de\/?p=6396","title":{"rendered":"Zu Gast beim Sommerempfang des Bayerischen Landtags im Neuen Schloss Schlei\u00dfheim"},"content":{"rendered":"\n<p><\/p>\n\n\n\n<figure class=\"wp-block-image\"><img src=\"https:\/\/spd-stadtrat.de\/wp-content\/uploads\/2023\/07\/Gruppenbild_Margits-Gaeste-150x150.jpg\" alt=\"\"\/><\/figure>\n\n\n\n<p>SPD all over the place beim Sommerempfang des Bayerischen Landtags im Neuen Schloss Schlei\u00dfheim. Vielen Dank an Regensburgs SPD-Landtagsabgeordnete Margit Wild f\u00fcr die Einladung zu diesem zauberhaften bayerischen Sommerevent, bei dem die SPD gut vertreten war. SPD-Fraktionsvorsitzender Dr. Thomas Burger und Fraktionsgesch\u00e4ftsf\u00fchrerin Silvia Gross trafen unter anderem auf SPD-Landtagsvizepr\u00e4sident Markus Rinderspacher, Bayerns SPD-Generalsekret\u00e4rin Ruth M\u00fcller, den stellvertretenden SPD-Generalsekret\u00e4r Dr. Nasser Ahmed und den mehrfach ausgezeichneten Regisseur und Drehbuchautor Prof. Josef R\u00f6dl, vielen bekannt aus dem Tatort, aber auch Produktionen wie \u201eAlbert &#8211; warum?\u201c. Die Pr\u00e4sidenten der Universit\u00e4ten Regensburg und W\u00fcrzburg, Prof. Dr. Udo Hebel und Prof. Dr. Paul Pauli, geh\u00f6rten im Laufe des Abends ebenso zu den Gespr\u00e4chspartnern wie Kabarettistin Luise Kinseher und viele andere interessante Pers\u00f6nlichkeiten, so auch Landtagspr\u00e4sidentin Ilse Aigner, die Gastgeberin des Sommerempfangs. Aus Regensburg trafen wir unter anderem Dr. Georg Haber, Pr\u00e4sident der Handwerkskammer Niederbayern-Oberpfalz., Anna Gmeiner vom DGB und Gausch\u00fctzenmeister Bernd Schwenk vom Kreissch\u00fctzenverband Oberpfalz und Donaugau e.V.<\/p>\n\n\n\n<p>Foto: Dr. Nasser Ahmed<\/p>\n\n\n\n<p>Bildunterschrift von links: Stv. bayerischer SPD-Generalsekret\u00e4r Dr. Nasser Ahmed, SPD-Fraktionsvorsitzender Dr. Thomas Burger, SPD-Fraktionsgesch\u00e4ftsf\u00fchrerin Silvia Gross, SPD-MdL Margit Wild, SPD-Generalsekret\u00e4rin Ruth M\u00fcller, Regisseur Prof. Josef R\u00f6dl.<\/p>\n","protected":false},"excerpt":{"rendered":"<p>SPD all over the place beim Sommerempfang des Bayerischen Landtags im Neuen Schloss Schlei\u00dfheim. Vielen Dank an Regensburgs SPD-Landtagsabgeordnete Margit Wild f\u00fcr die Einladung zu diesem zauberhaften bayerischen Sommerevent, bei dem die SPD gut vertreten war. SPD-Fraktionsvorsitzender Dr. Thomas Burger<\/p>\n","protected":false},"author":3,"featured_media":6397,"comment_status":"closed","ping_status":"open","sticky":false,"template":"","format":"standard","meta":{"ngg_post_thumbnail":0},"categories":[1],"tags":[],"jetpack_featured_media_url":"https:\/\/spd-stadtrat.de\/wp-content\/uploads\/2023\/07\/Gruppenbild_Margits-Gaeste.jpg","_links":{"self":[{"href":"https:\/\/spd-stadtrat.de\/index.php?rest_route=\/wp\/v2\/posts\/6396"}],"collection":[{"href":"https:\/\/spd-stadtrat.de\/index.php?rest_route=\/wp\/v2\/posts"}],"about":[{"href":"https:\/\/spd-stadtrat.de\/index.php?rest_route=\/wp\/v2\/types\/post"}],"author":[{"embeddable":true,"href":"https:\/\/spd-stadtrat.de\/index.php?rest_route=\/wp\/v2\/users\/3"}],"replies":[{"embeddable":true,"href":"https:\/\/spd-stadtrat.de\/index.php?rest_route=%2Fwp%2Fv2%2Fcomments&post=6396"}],"version-history":[{"count":1,"href":"https:\/\/spd-stadtrat.de\/index.php?rest_route=\/wp\/v2\/posts\/6396\/revisions"}],"predecessor-version":[{"id":6398,"href":"https:\/\/spd-stadtrat.de\/index.php?rest_route=\/wp\/v2\/posts\/6396\/revisions\/6398"}],"wp:featuredmedia":[{"embeddable":true,"href":"https:\/\/spd-stadtrat.de\/index.php?rest_route=\/wp\/v2\/media\/6397"}],"wp:attachment":[{"href":"https:\/\/spd-stadtrat.de\/index.php?rest_route=%2Fwp%2Fv2%2Fmedia&parent=6396"}],"wp:term":[{"taxonomy":"category","embeddable":true,"href":"https:\/\/spd-stadtrat.de\/index.php?rest_route=%2Fwp%2Fv2%2Fcategories&post=6396"},{"taxonomy":"post_tag","embeddable":true,"href":"https:\/\/spd-stadtrat.de\/index.php?rest_route=%2Fwp%2Fv2%2Ftags&post=6396"}],"curies":[{"name":"wp","href":"https:\/\/api.w.org\/{rel}","templated":true}]}}