{"id":6552,"date":"2023-08-28T12:25:20","date_gmt":"2023-08-28T10:25:20","guid":{"rendered":"https:\/\/spd-stadtrat.de\/?p=6552"},"modified":"2023-08-28T12:25:20","modified_gmt":"2023-08-28T10:25:20","slug":"lob-fuer-die-regensburger-dult-anlaesslich-der-dultbeschickerversammlung","status":"publish","type":"post","link":"https:\/\/spd-stadtrat.de\/?p=6552","title":{"rendered":"Lob f\u00fcr die Regensburger Dult anl\u00e4sslich der Dultbeschickerversammlung"},"content":{"rendered":"\n<p>&#8222;Die Regensburger Dult ist einzigartig wie Regensburg selbst: vielf\u00e4ltig, charmant, liebenswert&#8220;, so Dr. Thomas Burger, Vorsitzender der SPD-Stadtratsfraktion Regensburg anl\u00e4sslich der Dultbeschickerversammlung. Von der gro\u00dfen Party im Zelt bis zum ruhigen Plausch im Dult-Caf\u00e9, Attraktionen f\u00fcr Jung und Alt, die traditionelle Warendult als Ursprung der Dult: f\u00fcr jede und jeden ist etwas dabei. Eine Dult f\u00fcr das Miteinander in der Region &#8211; das brachte auch die gemeinsame Anwesenheit von Oberb\u00fcrgermeisterin Gertrud Maltz-Schwarzfischer und Landr\u00e4tin Tanja Schweiger zum Ausdruck. \u201eAuf eine friedliche Dult des Miteinanders!\u201c, w\u00fcnschen Fraktionsvorsitzender Dr.\u00a0 Burger und die SPD-Stadtratsfraktion f\u00fcr die kommenden zwei Wochen der Herbstdult.<\/p>\n\n\n\n<p>Foto: Alexander Irmisch<\/p>\n","protected":false},"excerpt":{"rendered":"<p>&#8222;Die Regensburger Dult ist einzigartig wie Regensburg selbst: vielf\u00e4ltig, charmant, liebenswert&#8220;, so Dr. Thomas Burger, Vorsitzender der SPD-Stadtratsfraktion Regensburg anl\u00e4sslich der Dultbeschickerversammlung. Von der gro\u00dfen Party im Zelt bis zum ruhigen Plausch im Dult-Caf\u00e9, Attraktionen f\u00fcr Jung und Alt, die<\/p>\n","protected":false},"author":3,"featured_media":6553,"comment_status":"closed","ping_status":"open","sticky":false,"template":"","format":"standard","meta":{"ngg_post_thumbnail":0},"categories":[1],"tags":[],"jetpack_featured_media_url":"https:\/\/spd-stadtrat.de\/wp-content\/uploads\/2023\/08\/Dultbeschickerversammlung_Burger_24.08.2023.jpg","_links":{"self":[{"href":"https:\/\/spd-stadtrat.de\/index.php?rest_route=\/wp\/v2\/posts\/6552"}],"collection":[{"href":"https:\/\/spd-stadtrat.de\/index.php?rest_route=\/wp\/v2\/posts"}],"about":[{"href":"https:\/\/spd-stadtrat.de\/index.php?rest_route=\/wp\/v2\/types\/post"}],"author":[{"embeddable":true,"href":"https:\/\/spd-stadtrat.de\/index.php?rest_route=\/wp\/v2\/users\/3"}],"replies":[{"embeddable":true,"href":"https:\/\/spd-stadtrat.de\/index.php?rest_route=%2Fwp%2Fv2%2Fcomments&post=6552"}],"version-history":[{"count":1,"href":"https:\/\/spd-stadtrat.de\/index.php?rest_route=\/wp\/v2\/posts\/6552\/revisions"}],"predecessor-version":[{"id":6554,"href":"https:\/\/spd-stadtrat.de\/index.php?rest_route=\/wp\/v2\/posts\/6552\/revisions\/6554"}],"wp:featuredmedia":[{"embeddable":true,"href":"https:\/\/spd-stadtrat.de\/index.php?rest_route=\/wp\/v2\/media\/6553"}],"wp:attachment":[{"href":"https:\/\/spd-stadtrat.de\/index.php?rest_route=%2Fwp%2Fv2%2Fmedia&parent=6552"}],"wp:term":[{"taxonomy":"category","embeddable":true,"href":"https:\/\/spd-stadtrat.de\/index.php?rest_route=%2Fwp%2Fv2%2Fcategories&post=6552"},{"taxonomy":"post_tag","embeddable":true,"href":"https:\/\/spd-stadtrat.de\/index.php?rest_route=%2Fwp%2Fv2%2Ftags&post=6552"}],"curies":[{"name":"wp","href":"https:\/\/api.w.org\/{rel}","templated":true}]}}