{"id":6603,"date":"2023-09-25T09:38:47","date_gmt":"2023-09-25T07:38:47","guid":{"rendered":"https:\/\/spd-stadtrat.de\/?p=6603"},"modified":"2023-09-25T09:38:49","modified_gmt":"2023-09-25T07:38:49","slug":"spd-fraktion-beim-jahresempfang-der-spd-regensburg-fuer-soziale-initiativen","status":"publish","type":"post","link":"https:\/\/spd-stadtrat.de\/?p=6603","title":{"rendered":"SPD-Fraktion beim Jahresempfang der SPD-Regensburg f\u00fcr soziale Initiativen"},"content":{"rendered":"\n<p><\/p>\n\n\n\n<figure class=\"wp-block-image size-full\"><a href=\"https:\/\/spd-stadtrat.de\/wp-content\/uploads\/2023\/09\/SPD-Jahresempfang-sozial7_17.9.23-150x150-1.jpg\"><img loading=\"lazy\" width=\"150\" height=\"150\" src=\"https:\/\/spd-stadtrat.de\/wp-content\/uploads\/2023\/09\/SPD-Jahresempfang-sozial7_17.9.23-150x150-1.jpg\" alt=\"\" class=\"wp-image-6605\"\/><\/a><\/figure>\n\n\n\n<p>Beim Jahresempfang der SPD Regensburg unter dem Motto &#8222;Regensburg&#8230; Sozial?!?\u201c wurde intensiv diskutiert, unter anderem mit Moni H\u00f6lzl und Arno Birkenfelder von den Rengschburger Herzen. Auch die Regensburger Hilfsorganisation Space-Eye war unter den Anwesenden. Unsere Sozialstadtr\u00e4tin und stellvertretende Fraktionsvorsitzende Evelyn Kolbe-Stockert nahm mit Fraktionsgesch\u00e4ftsf\u00fchrerin Silvia Gross teil. Beide freuten sich \u00fcber das rege Interesse. \u200bDanke f\u00fcr all das Engagement f\u00fcr eine bessere Gesellschaft.<\/p>\n\n\n\n<p>Foto: Silvia Gross<\/p>\n","protected":false},"excerpt":{"rendered":"<p>Beim Jahresempfang der SPD Regensburg unter dem Motto &#8222;Regensburg&#8230; Sozial?!?\u201c wurde intensiv diskutiert, unter anderem mit Moni H\u00f6lzl und Arno Birkenfelder von den Rengschburger Herzen. Auch die Regensburger Hilfsorganisation Space-Eye war unter den Anwesenden. Unsere Sozialstadtr\u00e4tin und stellvertretende Fraktionsvorsitzende Evelyn<\/p>\n","protected":false},"author":3,"featured_media":6604,"comment_status":"closed","ping_status":"open","sticky":false,"template":"","format":"standard","meta":{"ngg_post_thumbnail":0},"categories":[1],"tags":[],"jetpack_featured_media_url":"https:\/\/spd-stadtrat.de\/wp-content\/uploads\/2023\/09\/SPD-Jahresempfang-sozial7_17.9.23-scaled.jpg","_links":{"self":[{"href":"https:\/\/spd-stadtrat.de\/index.php?rest_route=\/wp\/v2\/posts\/6603"}],"collection":[{"href":"https:\/\/spd-stadtrat.de\/index.php?rest_route=\/wp\/v2\/posts"}],"about":[{"href":"https:\/\/spd-stadtrat.de\/index.php?rest_route=\/wp\/v2\/types\/post"}],"author":[{"embeddable":true,"href":"https:\/\/spd-stadtrat.de\/index.php?rest_route=\/wp\/v2\/users\/3"}],"replies":[{"embeddable":true,"href":"https:\/\/spd-stadtrat.de\/index.php?rest_route=%2Fwp%2Fv2%2Fcomments&post=6603"}],"version-history":[{"count":1,"href":"https:\/\/spd-stadtrat.de\/index.php?rest_route=\/wp\/v2\/posts\/6603\/revisions"}],"predecessor-version":[{"id":6606,"href":"https:\/\/spd-stadtrat.de\/index.php?rest_route=\/wp\/v2\/posts\/6603\/revisions\/6606"}],"wp:featuredmedia":[{"embeddable":true,"href":"https:\/\/spd-stadtrat.de\/index.php?rest_route=\/wp\/v2\/media\/6604"}],"wp:attachment":[{"href":"https:\/\/spd-stadtrat.de\/index.php?rest_route=%2Fwp%2Fv2%2Fmedia&parent=6603"}],"wp:term":[{"taxonomy":"category","embeddable":true,"href":"https:\/\/spd-stadtrat.de\/index.php?rest_route=%2Fwp%2Fv2%2Fcategories&post=6603"},{"taxonomy":"post_tag","embeddable":true,"href":"https:\/\/spd-stadtrat.de\/index.php?rest_route=%2Fwp%2Fv2%2Ftags&post=6603"}],"curies":[{"name":"wp","href":"https:\/\/api.w.org\/{rel}","templated":true}]}}