{"id":6632,"date":"2023-09-27T09:32:51","date_gmt":"2023-09-27T07:32:51","guid":{"rendered":"https:\/\/spd-stadtrat.de\/?p=6632"},"modified":"2023-09-27T09:32:52","modified_gmt":"2023-09-27T07:32:52","slug":"spd-fraktion-gratuliert-don-bosco-zentrum-zum-100-jaehrigen-bestehen","status":"publish","type":"post","link":"https:\/\/spd-stadtrat.de\/?p=6632","title":{"rendered":"SPD-Fraktion gratuliert Don-Bosco-Zentrum zum 100-j\u00e4hrigen Bestehen"},"content":{"rendered":"\n<p><\/p>\n\n\n\n<figure class=\"wp-block-image size-full\"><a href=\"https:\/\/spd-stadtrat.de\/wp-content\/uploads\/2023\/09\/100-Jahre-Don-Bosco-Regensburg_24.09.2023-150x150-1.jpg\"><img loading=\"lazy\" width=\"150\" height=\"150\" src=\"https:\/\/spd-stadtrat.de\/wp-content\/uploads\/2023\/09\/100-Jahre-Don-Bosco-Regensburg_24.09.2023-150x150-1.jpg\" alt=\"\" class=\"wp-image-6634\"\/><\/a><\/figure>\n\n\n\n<p>&#8222;Die Arbeit des Don-Bosco-Zentrums ist der Garant f\u00fcr empathische und p\u00e4dagogisch stets auf der H\u00f6he der Zeit befindliche Jugendarbeit. Mit viel Liebe und Engagement werden Jugendliche mit unterschiedlichen Bed\u00fcrfnissen hier ins Leben begleitet und auch der Stadtteil mit einbezogen&#8220;, so Evelyn Kolbe-Stockert, Sozialstadtr\u00e4tin und stellvertretende Fraktionsvorsitzende, die f\u00fcr die Fraktion am Stra\u00dfenfest zur Feier des Jubil\u00e4ums teilnahm. &#8222;Wenn es Don Bosco nicht g\u00e4be, m\u00fcsste man diese Gemeinschaft und ihre Arbeit erfinden&#8220;, zeigt sich Kolbe-Stockert \u00fcberzeugt.<\/p>\n\n\n\n<p>Fotos: Evelyn Kolbe-Stockert<\/p>\n","protected":false},"excerpt":{"rendered":"<p>&#8222;Die Arbeit des Don-Bosco-Zentrums ist der Garant f\u00fcr empathische und p\u00e4dagogisch stets auf der H\u00f6he der Zeit befindliche Jugendarbeit. Mit viel Liebe und Engagement werden Jugendliche mit unterschiedlichen Bed\u00fcrfnissen hier ins Leben begleitet und auch der Stadtteil mit einbezogen&#8220;, so<\/p>\n","protected":false},"author":3,"featured_media":6633,"comment_status":"closed","ping_status":"open","sticky":false,"template":"","format":"standard","meta":{"ngg_post_thumbnail":0},"categories":[1],"tags":[],"jetpack_featured_media_url":"https:\/\/spd-stadtrat.de\/wp-content\/uploads\/2023\/09\/100-Jahre-Don-Bosco-Regensburg_24.09.2023.jpg","_links":{"self":[{"href":"https:\/\/spd-stadtrat.de\/index.php?rest_route=\/wp\/v2\/posts\/6632"}],"collection":[{"href":"https:\/\/spd-stadtrat.de\/index.php?rest_route=\/wp\/v2\/posts"}],"about":[{"href":"https:\/\/spd-stadtrat.de\/index.php?rest_route=\/wp\/v2\/types\/post"}],"author":[{"embeddable":true,"href":"https:\/\/spd-stadtrat.de\/index.php?rest_route=\/wp\/v2\/users\/3"}],"replies":[{"embeddable":true,"href":"https:\/\/spd-stadtrat.de\/index.php?rest_route=%2Fwp%2Fv2%2Fcomments&post=6632"}],"version-history":[{"count":1,"href":"https:\/\/spd-stadtrat.de\/index.php?rest_route=\/wp\/v2\/posts\/6632\/revisions"}],"predecessor-version":[{"id":6635,"href":"https:\/\/spd-stadtrat.de\/index.php?rest_route=\/wp\/v2\/posts\/6632\/revisions\/6635"}],"wp:featuredmedia":[{"embeddable":true,"href":"https:\/\/spd-stadtrat.de\/index.php?rest_route=\/wp\/v2\/media\/6633"}],"wp:attachment":[{"href":"https:\/\/spd-stadtrat.de\/index.php?rest_route=%2Fwp%2Fv2%2Fmedia&parent=6632"}],"wp:term":[{"taxonomy":"category","embeddable":true,"href":"https:\/\/spd-stadtrat.de\/index.php?rest_route=%2Fwp%2Fv2%2Fcategories&post=6632"},{"taxonomy":"post_tag","embeddable":true,"href":"https:\/\/spd-stadtrat.de\/index.php?rest_route=%2Fwp%2Fv2%2Ftags&post=6632"}],"curies":[{"name":"wp","href":"https:\/\/api.w.org\/{rel}","templated":true}]}}