{"id":6716,"date":"2023-10-23T16:42:37","date_gmt":"2023-10-23T14:42:37","guid":{"rendered":"https:\/\/spd-stadtrat.de\/?p=6716"},"modified":"2023-10-23T16:42:38","modified_gmt":"2023-10-23T14:42:38","slug":"empfang-fuer-selbsthilfegruppen","status":"publish","type":"post","link":"https:\/\/spd-stadtrat.de\/?p=6716","title":{"rendered":"Empfang f\u00fcr Selbsthilfegruppen"},"content":{"rendered":"\n<p>Unsere SPD-Sozialstadtr\u00e4tin und stellvertretende Fraktionsvorsitzende Evelyn Kolbe-Stockert nahm am Empfang der Stadt Regensburg f\u00fcr Selbsthilfegruppen teil. Dabei stellten sich die Mitarbeiterinnen von KISS (Regensburg Kontakt- und Informationsstelle f\u00fcr Selbsthilfegruppen) vor. Zudem wurden Studentinnen und Studenten f\u00fcr das Initiieren von Selbsthilfegruppen an der OTH ausgezeichnet. Oberb\u00fcrgermeisterin Gertrud Maltz-Schwarzfischer sprach ihren herzlichen Dank an KISS und alle in Selbsthilfegruppen Engagierten aus.<\/p>\n\n\n\n<p>Foto: Evelyn Kolbe-Stockert<\/p>\n","protected":false},"excerpt":{"rendered":"<p>Unsere SPD-Sozialstadtr\u00e4tin und stellvertretende Fraktionsvorsitzende Evelyn Kolbe-Stockert nahm am Empfang der Stadt Regensburg f\u00fcr Selbsthilfegruppen teil. Dabei stellten sich die Mitarbeiterinnen von KISS (Regensburg Kontakt- und Informationsstelle f\u00fcr Selbsthilfegruppen) vor. Zudem wurden Studentinnen und Studenten f\u00fcr das Initiieren von Selbsthilfegruppen<\/p>\n","protected":false},"author":3,"featured_media":6717,"comment_status":"closed","ping_status":"open","sticky":false,"template":"","format":"standard","meta":{"ngg_post_thumbnail":0},"categories":[1],"tags":[],"jetpack_featured_media_url":"https:\/\/spd-stadtrat.de\/wp-content\/uploads\/2023\/10\/Empfang-fuer-Selbsthilfegruppen-1_20.10.23-scaled.jpg","_links":{"self":[{"href":"https:\/\/spd-stadtrat.de\/index.php?rest_route=\/wp\/v2\/posts\/6716"}],"collection":[{"href":"https:\/\/spd-stadtrat.de\/index.php?rest_route=\/wp\/v2\/posts"}],"about":[{"href":"https:\/\/spd-stadtrat.de\/index.php?rest_route=\/wp\/v2\/types\/post"}],"author":[{"embeddable":true,"href":"https:\/\/spd-stadtrat.de\/index.php?rest_route=\/wp\/v2\/users\/3"}],"replies":[{"embeddable":true,"href":"https:\/\/spd-stadtrat.de\/index.php?rest_route=%2Fwp%2Fv2%2Fcomments&post=6716"}],"version-history":[{"count":1,"href":"https:\/\/spd-stadtrat.de\/index.php?rest_route=\/wp\/v2\/posts\/6716\/revisions"}],"predecessor-version":[{"id":6718,"href":"https:\/\/spd-stadtrat.de\/index.php?rest_route=\/wp\/v2\/posts\/6716\/revisions\/6718"}],"wp:featuredmedia":[{"embeddable":true,"href":"https:\/\/spd-stadtrat.de\/index.php?rest_route=\/wp\/v2\/media\/6717"}],"wp:attachment":[{"href":"https:\/\/spd-stadtrat.de\/index.php?rest_route=%2Fwp%2Fv2%2Fmedia&parent=6716"}],"wp:term":[{"taxonomy":"category","embeddable":true,"href":"https:\/\/spd-stadtrat.de\/index.php?rest_route=%2Fwp%2Fv2%2Fcategories&post=6716"},{"taxonomy":"post_tag","embeddable":true,"href":"https:\/\/spd-stadtrat.de\/index.php?rest_route=%2Fwp%2Fv2%2Ftags&post=6716"}],"curies":[{"name":"wp","href":"https:\/\/api.w.org\/{rel}","templated":true}]}}