{"id":6733,"date":"2023-10-31T16:45:06","date_gmt":"2023-10-31T15:45:06","guid":{"rendered":"https:\/\/spd-stadtrat.de\/?p=6733"},"modified":"2023-10-31T16:46:56","modified_gmt":"2023-10-31T15:46:56","slug":"spatenstich-aufwind-fuer-das-werner-von-siemens-gymnasiums","status":"publish","type":"post","link":"https:\/\/spd-stadtrat.de\/?p=6733","title":{"rendered":"Spatenstich: Aufwind f\u00fcr das Werner-von-Siemens-Gymnasium"},"content":{"rendered":"\n<p>Oberb\u00fcrgermeisterin Gertrud Maltz-Schwarzfischer, Bildungsreferentin Dr. Sabine Kellner-Mayrhofer, Planungsreferent Florian Plajer sowie Schulleiter Dr. Berthold Freytag f\u00fchrten den Spatenstich f\u00fcr den Ersatzneubau Osttrakt mit Erweiterung des Werner-von-Siemens Gymnasiums durch und informierten gemeinsam mit dem Architekturb\u00fcro Schwinde \u00fcber die Bauma\u00dfnahme. SPD-Fraktionsvorsitzender Dr. Thomas Burger nahm gemeinsam mit Fraktionskollegin Elisabeth Christoph daran teil und unterstrich, wie wichtig der SPD-Fraktion gute Bedingungen f\u00fcr Bildung seien.<\/p>\n\n\n\n<p>Nach dem Abriss des Nordfl\u00fcgels mit Einfachsporthalle soll nun auf dem Areal der erste Bauabschnitt des Ersatzneubaus mit vier Sporthalleneinheiten und Klassenr\u00e4umen entstehen. Das Gymnasium wird im Rahmen der Ma\u00dfnahme gem\u00e4\u00df G 9 und der zu erwartenden Entwicklung der Sch\u00fclerzahlen in Regensburg erweitert. Es wird zuk\u00fcnftig als sechsz\u00fcgiges Gymnasium gef\u00fchrt und bietet Platz f\u00fcr bis zu 1.600 Sch\u00fclerinnen und Sch\u00fcler. Eine Fertigstellung ist f\u00fcr 2029 geplant.<\/p>\n\n\n\n<p>Foto: Dr. Thomas Burger<\/p>\n","protected":false},"excerpt":{"rendered":"<p>Oberb\u00fcrgermeisterin Gertrud Maltz-Schwarzfischer, Bildungsreferentin Dr. Sabine Kellner-Mayrhofer, Planungsreferent Florian Plajer sowie Schulleiter Dr. Berthold Freytag f\u00fchrten den Spatenstich f\u00fcr den Ersatzneubau Osttrakt mit Erweiterung des Werner-von-Siemens Gymnasiums durch und informierten gemeinsam mit dem Architekturb\u00fcro Schwinde \u00fcber die Bauma\u00dfnahme. SPD-Fraktionsvorsitzender Dr.<\/p>\n","protected":false},"author":3,"featured_media":6734,"comment_status":"closed","ping_status":"open","sticky":false,"template":"","format":"standard","meta":{"ngg_post_thumbnail":0},"categories":[1],"tags":[],"jetpack_featured_media_url":"https:\/\/spd-stadtrat.de\/wp-content\/uploads\/2023\/10\/Spatenstich-Ersatzneubau-Osttrakt-Werner-von-Siemens-Gymnsium1_31.10.2023.jpg","_links":{"self":[{"href":"https:\/\/spd-stadtrat.de\/index.php?rest_route=\/wp\/v2\/posts\/6733"}],"collection":[{"href":"https:\/\/spd-stadtrat.de\/index.php?rest_route=\/wp\/v2\/posts"}],"about":[{"href":"https:\/\/spd-stadtrat.de\/index.php?rest_route=\/wp\/v2\/types\/post"}],"author":[{"embeddable":true,"href":"https:\/\/spd-stadtrat.de\/index.php?rest_route=\/wp\/v2\/users\/3"}],"replies":[{"embeddable":true,"href":"https:\/\/spd-stadtrat.de\/index.php?rest_route=%2Fwp%2Fv2%2Fcomments&post=6733"}],"version-history":[{"count":2,"href":"https:\/\/spd-stadtrat.de\/index.php?rest_route=\/wp\/v2\/posts\/6733\/revisions"}],"predecessor-version":[{"id":6737,"href":"https:\/\/spd-stadtrat.de\/index.php?rest_route=\/wp\/v2\/posts\/6733\/revisions\/6737"}],"wp:featuredmedia":[{"embeddable":true,"href":"https:\/\/spd-stadtrat.de\/index.php?rest_route=\/wp\/v2\/media\/6734"}],"wp:attachment":[{"href":"https:\/\/spd-stadtrat.de\/index.php?rest_route=%2Fwp%2Fv2%2Fmedia&parent=6733"}],"wp:term":[{"taxonomy":"category","embeddable":true,"href":"https:\/\/spd-stadtrat.de\/index.php?rest_route=%2Fwp%2Fv2%2Fcategories&post=6733"},{"taxonomy":"post_tag","embeddable":true,"href":"https:\/\/spd-stadtrat.de\/index.php?rest_route=%2Fwp%2Fv2%2Ftags&post=6733"}],"curies":[{"name":"wp","href":"https:\/\/api.w.org\/{rel}","templated":true}]}}