{"id":6740,"date":"2023-11-02T13:37:48","date_gmt":"2023-11-02T12:37:48","guid":{"rendered":"https:\/\/spd-stadtrat.de\/?p=6740"},"modified":"2023-11-02T13:37:49","modified_gmt":"2023-11-02T12:37:49","slug":"100-boote-100-millionen-menschen-awo-aktion-pro-seenotrettung","status":"publish","type":"post","link":"https:\/\/spd-stadtrat.de\/?p=6740","title":{"rendered":"100 Boote &#8211; 100 Millionen Menschen: AWO-Aktion pro Seenotrettung"},"content":{"rendered":"\n<p>&#8222;Es ist unsere Menschenpflicht und ein Gebot der Seenotrettung, Mitmenschen in unmittelbarer Todesgefahr beizustehen und zu retten. Deshalb habe ich als Vertreter unserer Oberb\u00fcrgermeisterin Gertrud Maltz-Schwarzfischer die Bedeutung der bewusstseinsbildenden Wirkung der AWO-Aktion \u201e100 Boote \u2013 100 Millionen Menschen\u201c unterstrichen und gerne an dieser Aktion teilgenommen&#8220;, mit diesen Worten bedankte sich der Vorsitzende der SPD Stadtratsfraktion Regensburg, Dr. Thomas Burger, in Vertretung von Oberb\u00fcrgermeisterin Gertrud Maltz-Schwarzfischer bei der AWO und den Akteuren der Aktion &#8222;100 Boote&#8220;.<\/p>\n\n\n\n<p>Diese Aktion ist ein bundesweites sozialkritisches Kunstprojekt des AWO-Landesverbands Sachsen-Anhalt e.V.. Mit 100 XXL-Faltbooten soll auf die rund 100 Millionen Menschen aufmerksam gemacht werden, die sich weltweit pro Jahr auf der Flucht befinden und die teilweise auch eine der t\u00f6dlichsten Fluchtrouten \u00fcber das Mittelmeer riskieren. Allein in diesem Jahr sind hier bereits rund 2.500 Menschen ums Leben gekommen. Der AWO-Bezirk Niederbayern-Oberpfalz hat nun 10 der Boote in Regensburg an Mitstreitende verteilt, die die Boote gestalten und f\u00fcr eine gro\u00dfe Aktion in Berlin im Juni n\u00e4chsten Jahres anl\u00e4sslich des Weltfl\u00fcchtlingstages vorbereiten. Die Stadt Regensburg beteiligt sich ebenfalls an der Aktion; Sch\u00fclerinnen und Sch\u00fcler werden hier die Gestaltung \u00fcbernehmen.<\/p>\n\n\n\n<p>Au\u00dferdem wurde die Seenotrettung noch ganz konkret unterst\u00fctzt: AWO-International und Sea-Eye durften sich \u00fcber je 1.500 EUR vom AWO-Bezirksverband Niederbayern\/Oberpfalz freuen.<\/p>\n\n\n\n<p>Foto: Dr. Thomas Burger<\/p>\n","protected":false},"excerpt":{"rendered":"<p>&#8222;Es ist unsere Menschenpflicht und ein Gebot der Seenotrettung, Mitmenschen in unmittelbarer Todesgefahr beizustehen und zu retten. Deshalb habe ich als Vertreter unserer Oberb\u00fcrgermeisterin Gertrud Maltz-Schwarzfischer die Bedeutung der bewusstseinsbildenden Wirkung der AWO-Aktion \u201e100 Boote \u2013 100 Millionen Menschen\u201c unterstrichen<\/p>\n","protected":false},"author":3,"featured_media":6741,"comment_status":"closed","ping_status":"open","sticky":false,"template":"","format":"standard","meta":{"ngg_post_thumbnail":0},"categories":[1],"tags":[],"jetpack_featured_media_url":"https:\/\/spd-stadtrat.de\/wp-content\/uploads\/2023\/11\/Aktion-100-Boote_AWO_26.10.2023.jpg","_links":{"self":[{"href":"https:\/\/spd-stadtrat.de\/index.php?rest_route=\/wp\/v2\/posts\/6740"}],"collection":[{"href":"https:\/\/spd-stadtrat.de\/index.php?rest_route=\/wp\/v2\/posts"}],"about":[{"href":"https:\/\/spd-stadtrat.de\/index.php?rest_route=\/wp\/v2\/types\/post"}],"author":[{"embeddable":true,"href":"https:\/\/spd-stadtrat.de\/index.php?rest_route=\/wp\/v2\/users\/3"}],"replies":[{"embeddable":true,"href":"https:\/\/spd-stadtrat.de\/index.php?rest_route=%2Fwp%2Fv2%2Fcomments&post=6740"}],"version-history":[{"count":1,"href":"https:\/\/spd-stadtrat.de\/index.php?rest_route=\/wp\/v2\/posts\/6740\/revisions"}],"predecessor-version":[{"id":6742,"href":"https:\/\/spd-stadtrat.de\/index.php?rest_route=\/wp\/v2\/posts\/6740\/revisions\/6742"}],"wp:featuredmedia":[{"embeddable":true,"href":"https:\/\/spd-stadtrat.de\/index.php?rest_route=\/wp\/v2\/media\/6741"}],"wp:attachment":[{"href":"https:\/\/spd-stadtrat.de\/index.php?rest_route=%2Fwp%2Fv2%2Fmedia&parent=6740"}],"wp:term":[{"taxonomy":"category","embeddable":true,"href":"https:\/\/spd-stadtrat.de\/index.php?rest_route=%2Fwp%2Fv2%2Fcategories&post=6740"},{"taxonomy":"post_tag","embeddable":true,"href":"https:\/\/spd-stadtrat.de\/index.php?rest_route=%2Fwp%2Fv2%2Ftags&post=6740"}],"curies":[{"name":"wp","href":"https:\/\/api.w.org\/{rel}","templated":true}]}}