{"id":6768,"date":"2023-11-15T16:48:19","date_gmt":"2023-11-15T15:48:19","guid":{"rendered":"https:\/\/spd-stadtrat.de\/?p=6768"},"modified":"2023-11-15T16:48:20","modified_gmt":"2023-11-15T15:48:20","slug":"regensburg-der-zukunft-kinderbeirat-trifft-jugendbeirat","status":"publish","type":"post","link":"https:\/\/spd-stadtrat.de\/?p=6768","title":{"rendered":"Regensburg der Zukunft: Kinderbeirat trifft Jugendbeirat"},"content":{"rendered":"\n<p>Anl\u00e4sslich der Sitzung des Jugendbeirats war der Sitzungssaal im Neuen Rathaus bis auf den letzten Platz besetzt, denn der Kinderbeirat besuchte den Jugendbeirat. Gro\u00dfes Interesse fand vor allem ein Tagesordnungspunkt: Die Stadtbahn. Nach einer Einf\u00fchrung durch Frank Steinwede, Leiter der strategischen \u00d6PNV-Planung bei das Stadtwerk.Regensburg, kamen viele interessante Fragen seitens der Jugendlichen, wie z.B. die Nachfrage, wie Seniorinnen und Senioren mit Rollatoren der Zugang in die Stadtbahn erm\u00f6glicht werde, ob das Schulticket auch f\u00fcr die Stadtbahn gelte und vieles mehr. &#8222;Sehr sch\u00f6n waren diese interessierten und offenen Fragen zur Stadtbahn. F\u00fcr die jungen Leute in den Beir\u00e4ten ist es ein Zukunftsthema, sind sie doch die B\u00fcrgerinnen und B\u00fcrger unserer Stadt von morgen&#8220;, zeigte sich die teilnehmende SPD-Sozialstadtr\u00e4tin und stellvertretende Vorsitzende der SPD Stadtratsfraktion Regensburg, Evelyn Kolbe-Stockert, begeistert vom Elan, dem unvoreingenommenen Wissensdurst und Ideenreichtum der jungen Beir\u00e4tinnen und Beir\u00e4te.<\/p>\n\n\n\n<p>Foto: Evelyn Kolbe-Stockert<\/p>\n","protected":false},"excerpt":{"rendered":"<p>Anl\u00e4sslich der Sitzung des Jugendbeirats war der Sitzungssaal im Neuen Rathaus bis auf den letzten Platz besetzt, denn der Kinderbeirat besuchte den Jugendbeirat. Gro\u00dfes Interesse fand vor allem ein Tagesordnungspunkt: Die Stadtbahn. Nach einer Einf\u00fchrung durch Frank Steinwede, Leiter der<\/p>\n","protected":false},"author":3,"featured_media":6769,"comment_status":"closed","ping_status":"open","sticky":false,"template":"","format":"standard","meta":{"ngg_post_thumbnail":0},"categories":[1],"tags":[],"jetpack_featured_media_url":"https:\/\/spd-stadtrat.de\/wp-content\/uploads\/2023\/11\/Kinderbeirat-besucht-Jugendbeiratssitzung_10.11.23-scaled.jpg","_links":{"self":[{"href":"https:\/\/spd-stadtrat.de\/index.php?rest_route=\/wp\/v2\/posts\/6768"}],"collection":[{"href":"https:\/\/spd-stadtrat.de\/index.php?rest_route=\/wp\/v2\/posts"}],"about":[{"href":"https:\/\/spd-stadtrat.de\/index.php?rest_route=\/wp\/v2\/types\/post"}],"author":[{"embeddable":true,"href":"https:\/\/spd-stadtrat.de\/index.php?rest_route=\/wp\/v2\/users\/3"}],"replies":[{"embeddable":true,"href":"https:\/\/spd-stadtrat.de\/index.php?rest_route=%2Fwp%2Fv2%2Fcomments&post=6768"}],"version-history":[{"count":1,"href":"https:\/\/spd-stadtrat.de\/index.php?rest_route=\/wp\/v2\/posts\/6768\/revisions"}],"predecessor-version":[{"id":6770,"href":"https:\/\/spd-stadtrat.de\/index.php?rest_route=\/wp\/v2\/posts\/6768\/revisions\/6770"}],"wp:featuredmedia":[{"embeddable":true,"href":"https:\/\/spd-stadtrat.de\/index.php?rest_route=\/wp\/v2\/media\/6769"}],"wp:attachment":[{"href":"https:\/\/spd-stadtrat.de\/index.php?rest_route=%2Fwp%2Fv2%2Fmedia&parent=6768"}],"wp:term":[{"taxonomy":"category","embeddable":true,"href":"https:\/\/spd-stadtrat.de\/index.php?rest_route=%2Fwp%2Fv2%2Fcategories&post=6768"},{"taxonomy":"post_tag","embeddable":true,"href":"https:\/\/spd-stadtrat.de\/index.php?rest_route=%2Fwp%2Fv2%2Ftags&post=6768"}],"curies":[{"name":"wp","href":"https:\/\/api.w.org\/{rel}","templated":true}]}}