{"id":6777,"date":"2023-11-16T10:45:27","date_gmt":"2023-11-16T09:45:27","guid":{"rendered":"https:\/\/spd-stadtrat.de\/?p=6777"},"modified":"2023-11-16T10:50:44","modified_gmt":"2023-11-16T09:50:44","slug":"20-jahre-jugendzentrum-utopia-und-familienzentrum-herztoene","status":"publish","type":"post","link":"https:\/\/spd-stadtrat.de\/?p=6777","title":{"rendered":"20 Jahre Jugendzentrum Utopia und Familienzentrum Herzt\u00f6ne"},"content":{"rendered":"\n<p>Herzlichen Gl\u00fcckw\u00fcnsch zum 20-j\u00e4hrigen Jubil\u00e4um des Jugendzentrums Utopia sowie des Familienzentrums Herzt\u00f6ne e.V. F\u00fcr die <a href=\"https:\/\/www.facebook.com\/spdfraktionregensburg?__cft__[0]=AZUrznvuagcSBmDzRU0aqvtD8pA6p-UiagQLCX1Hth3ZzIqm8s8I2rOOrJyPMOOTnbm-QC6lvTS2IvmXV262LPTxIUTBmwfjJN1ZMBc4O7Ov4CDXiGKWMK71yiZjUB9mRGlKhe1qbEyLN5fIC8ZhpQ7KxKOwxXfY4eWgns5Wd8QJDoBIN9zlukpRkITrvPpd5SQ&amp;__tn__=-]K-R\">SPD-Stadtratsfraktion Regensburg<\/a> waren die stellvertretende Fraktionsvorsitzende <a href=\"https:\/\/www.facebook.com\/evelyn.kolbestockert?__cft__[0]=AZUrznvuagcSBmDzRU0aqvtD8pA6p-UiagQLCX1Hth3ZzIqm8s8I2rOOrJyPMOOTnbm-QC6lvTS2IvmXV262LPTxIUTBmwfjJN1ZMBc4O7Ov4CDXiGKWMK71yiZjUB9mRGlKhe1qbEyLN5fIC8ZhpQ7KxKOwxXfY4eWgns5Wd8QJDoBIN9zlukpRkITrvPpd5SQ&amp;__tn__=-]K-R\">Evelyn Kolbe-Stockert<\/a> sowie Stadtrat <a href=\"https:\/\/www.facebook.com\/alexander.irmisch75?__cft__[0]=AZUrznvuagcSBmDzRU0aqvtD8pA6p-UiagQLCX1Hth3ZzIqm8s8I2rOOrJyPMOOTnbm-QC6lvTS2IvmXV262LPTxIUTBmwfjJN1ZMBc4O7Ov4CDXiGKWMK71yiZjUB9mRGlKhe1qbEyLN5fIC8ZhpQ7KxKOwxXfY4eWgns5Wd8QJDoBIN9zlukpRkITrvPpd5SQ&amp;__tn__=-]K-R\">Alexander Irmisch<\/a> vor Ort und bedankten sich f\u00fcr die gute soziale wie integrative Arbeit der beiden Einrichtungen. Auf die n\u00e4chsten 20 Jahre!<\/p>\n\n\n\n<p>Bildunterschrift: Stv. SPD-Fraktionsvorsitzende Evelyn Kolbe-Stockert (2. v. links), SPD-Stadtrat Alexander Irmisch (3. v. links) <\/p>\n\n\n\n<p>Foto: Evelyn Kolbe-Stockert<\/p>\n","protected":false},"excerpt":{"rendered":"<p>Herzlichen Gl\u00fcckw\u00fcnsch zum 20-j\u00e4hrigen Jubil\u00e4um des Jugendzentrums Utopia sowie des Familienzentrums Herzt\u00f6ne e.V. F\u00fcr die SPD-Stadtratsfraktion Regensburg waren die stellvertretende Fraktionsvorsitzende Evelyn Kolbe-Stockert sowie Stadtrat Alexander Irmisch vor Ort und bedankten sich f\u00fcr die gute soziale wie integrative Arbeit der<\/p>\n","protected":false},"author":3,"featured_media":6778,"comment_status":"closed","ping_status":"open","sticky":false,"template":"","format":"standard","meta":{"ngg_post_thumbnail":0},"categories":[1],"tags":[],"jetpack_featured_media_url":"https:\/\/spd-stadtrat.de\/wp-content\/uploads\/2023\/11\/20-Jahre-JUZ-Utopia-1.jpg","_links":{"self":[{"href":"https:\/\/spd-stadtrat.de\/index.php?rest_route=\/wp\/v2\/posts\/6777"}],"collection":[{"href":"https:\/\/spd-stadtrat.de\/index.php?rest_route=\/wp\/v2\/posts"}],"about":[{"href":"https:\/\/spd-stadtrat.de\/index.php?rest_route=\/wp\/v2\/types\/post"}],"author":[{"embeddable":true,"href":"https:\/\/spd-stadtrat.de\/index.php?rest_route=\/wp\/v2\/users\/3"}],"replies":[{"embeddable":true,"href":"https:\/\/spd-stadtrat.de\/index.php?rest_route=%2Fwp%2Fv2%2Fcomments&post=6777"}],"version-history":[{"count":4,"href":"https:\/\/spd-stadtrat.de\/index.php?rest_route=\/wp\/v2\/posts\/6777\/revisions"}],"predecessor-version":[{"id":6782,"href":"https:\/\/spd-stadtrat.de\/index.php?rest_route=\/wp\/v2\/posts\/6777\/revisions\/6782"}],"wp:featuredmedia":[{"embeddable":true,"href":"https:\/\/spd-stadtrat.de\/index.php?rest_route=\/wp\/v2\/media\/6778"}],"wp:attachment":[{"href":"https:\/\/spd-stadtrat.de\/index.php?rest_route=%2Fwp%2Fv2%2Fmedia&parent=6777"}],"wp:term":[{"taxonomy":"category","embeddable":true,"href":"https:\/\/spd-stadtrat.de\/index.php?rest_route=%2Fwp%2Fv2%2Fcategories&post=6777"},{"taxonomy":"post_tag","embeddable":true,"href":"https:\/\/spd-stadtrat.de\/index.php?rest_route=%2Fwp%2Fv2%2Ftags&post=6777"}],"curies":[{"name":"wp","href":"https:\/\/api.w.org\/{rel}","templated":true}]}}