{"id":6786,"date":"2023-11-16T15:39:07","date_gmt":"2023-11-16T14:39:07","guid":{"rendered":"https:\/\/spd-stadtrat.de\/?p=6786"},"modified":"2023-11-16T15:39:08","modified_gmt":"2023-11-16T14:39:08","slug":"kulturpreisverleihung-der-stadt-regensburg","status":"publish","type":"post","link":"https:\/\/spd-stadtrat.de\/?p=6786","title":{"rendered":"Kulturpreisverleihung der Stadt Regensburg"},"content":{"rendered":"\n<p>Die <a href=\"https:\/\/www.facebook.com\/spdfraktionregensburg?__cft__[0]=AZWF8RdLRMmMg0PHhBcedJlIX4eynnBARsEFA7FnHoaDmyP552N2TbJ46CCi7AU4DvvNVYP85pLdsoy2YhIHn5j88vCC0DnKNdBgSejyL2PPICum1nmfGB2_9cO0g6CZX97ZTvB9Wln5J_ZdorGugREI&amp;__tn__=-]K-R\">SPD Stadtratsfraktion Regensburg<\/a> gratuliert den diesj\u00e4hrigen Tr\u00e4gerinnen und Tr\u00e4gern der <a href=\"https:\/\/www.facebook.com\/hashtag\/kulturf%C3%B6rderpreise?__eep__=6&amp;__cft__[0]=AZWF8RdLRMmMg0PHhBcedJlIX4eynnBARsEFA7FnHoaDmyP552N2TbJ46CCi7AU4DvvNVYP85pLdsoy2YhIHn5j88vCC0DnKNdBgSejyL2PPICum1nmfGB2_9cO0g6CZX97ZTvB9Wln5J_ZdorGugREI&amp;__tn__=*NK-R\">Kulturf\u00f6rderpreise<\/a> und des <a href=\"https:\/\/www.facebook.com\/hashtag\/kulturpreises?__eep__=6&amp;__cft__[0]=AZWF8RdLRMmMg0PHhBcedJlIX4eynnBARsEFA7FnHoaDmyP552N2TbJ46CCi7AU4DvvNVYP85pLdsoy2YhIHn5j88vCC0DnKNdBgSejyL2PPICum1nmfGB2_9cO0g6CZX97ZTvB9Wln5J_ZdorGugREI&amp;__tn__=*NK-R\">Kulturpreises<\/a> der Stadt <a href=\"https:\/\/www.facebook.com\/hashtag\/regensburg?__eep__=6&amp;__cft__[0]=AZWF8RdLRMmMg0PHhBcedJlIX4eynnBARsEFA7FnHoaDmyP552N2TbJ46CCi7AU4DvvNVYP85pLdsoy2YhIHn5j88vCC0DnKNdBgSejyL2PPICum1nmfGB2_9cO0g6CZX97ZTvB9Wln5J_ZdorGugREI&amp;__tn__=*NK-R\">Regensburg<\/a> sehr herzlich. Der Kulturpreis wurde dem bildenden K\u00fcnstler Peter Engel f\u00fcr sein Lebenswerk verliehen. Die Kulturf\u00f6rderpreise gingen an die bildende K\u00fcnstlerin Barbara Muhr, die Theatergruppe St. Anton Regensburg e.V. mit ihrem Gr\u00fcnder und Motor Stephan Roggenbuck f\u00fcr das k\u00fcnstlerische und integrative Engagement seit 40 Jahren im Bereich der darstellenden Kunst und des Theaters sowie an das <a href=\"https:\/\/www.facebook.com\/transit.filmfest?__cft__[0]=AZWF8RdLRMmMg0PHhBcedJlIX4eynnBARsEFA7FnHoaDmyP552N2TbJ46CCi7AU4DvvNVYP85pLdsoy2YhIHn5j88vCC0DnKNdBgSejyL2PPICum1nmfGB2_9cO0g6CZX97ZTvB9Wln5J_ZdorGugREI&amp;__tn__=-]K-R\">Transit Filmfest<\/a> mit seinem Team um Chrissy Grundl f\u00fcr das umfassende cineastische Schaffen. <a href=\"https:\/\/www.facebook.com\/oberbuergermeisterin.maltz.schwarzfischer?__cft__[0]=AZWF8RdLRMmMg0PHhBcedJlIX4eynnBARsEFA7FnHoaDmyP552N2TbJ46CCi7AU4DvvNVYP85pLdsoy2YhIHn5j88vCC0DnKNdBgSejyL2PPICum1nmfGB2_9cO0g6CZX97ZTvB9Wln5J_ZdorGugREI&amp;__tn__=-]K-R\">Oberb\u00fcrgermeisterin Gertrud Maltz-Schwarzfischer<\/a> und Kulturreferent Wolfgang Dersch w\u00fcrdigten das k\u00fcnstlerische Wirken der Geehrten. SPD-Fraktionsvorsitzender Dr. <a href=\"https:\/\/www.facebook.com\/Thomas112Burger?__cft__[0]=AZWF8RdLRMmMg0PHhBcedJlIX4eynnBARsEFA7FnHoaDmyP552N2TbJ46CCi7AU4DvvNVYP85pLdsoy2YhIHn5j88vCC0DnKNdBgSejyL2PPICum1nmfGB2_9cO0g6CZX97ZTvB9Wln5J_ZdorGugREI&amp;__tn__=-]K-R\">Thomas Burger<\/a> betonte in seinen pers\u00f6nlichen Gratulationen das kreative Potential Regensburgs und seiner Menschen als offener, wachsender und diverser Stadt, in der es auch in <a href=\"https:\/\/www.facebook.com\/hashtag\/zukunft?__eep__=6&amp;__cft__[0]=AZWF8RdLRMmMg0PHhBcedJlIX4eynnBARsEFA7FnHoaDmyP552N2TbJ46CCi7AU4DvvNVYP85pLdsoy2YhIHn5j88vCC0DnKNdBgSejyL2PPICum1nmfGB2_9cO0g6CZX97ZTvB9Wln5J_ZdorGugREI&amp;__tn__=*NK-R\">Zukunft<\/a> noch viele k\u00fcnstlerische \u00dcberraschungen geben werde. <a href=\"https:\/\/www.facebook.com\/evelyn.kolbestockert?__cft__[0]=AZWF8RdLRMmMg0PHhBcedJlIX4eynnBARsEFA7FnHoaDmyP552N2TbJ46CCi7AU4DvvNVYP85pLdsoy2YhIHn5j88vCC0DnKNdBgSejyL2PPICum1nmfGB2_9cO0g6CZX97ZTvB9Wln5J_ZdorGugREI&amp;__tn__=-]K-R\">Evelyn Kolbe-Stockert<\/a>, stellvertretende SPD-Fraktionsvorsitzende, <a href=\"https:\/\/www.facebook.com\/alexander.irmisch75?__cft__[0]=AZWF8RdLRMmMg0PHhBcedJlIX4eynnBARsEFA7FnHoaDmyP552N2TbJ46CCi7AU4DvvNVYP85pLdsoy2YhIHn5j88vCC0DnKNdBgSejyL2PPICum1nmfGB2_9cO0g6CZX97ZTvB9Wln5J_ZdorGugREI&amp;__tn__=-]K-R\">Alexander Irmisch<\/a>, kulturpolitischer Sprecher der Fraktion, und Gesch\u00e4ftsf\u00fchrerin Silvia Gross freuten sich ebenfalls mit den Ausgezeichneten des renommierten st\u00e4dtischen Preises.<\/p>\n\n\n\n<p><\/p>\n\n\n\n<p>Foto: Stefan Effenhauser<\/p>\n","protected":false},"excerpt":{"rendered":"<p>Die SPD Stadtratsfraktion Regensburg gratuliert den diesj\u00e4hrigen Tr\u00e4gerinnen und Tr\u00e4gern der Kulturf\u00f6rderpreise und des Kulturpreises der Stadt Regensburg sehr herzlich. Der Kulturpreis wurde dem bildenden K\u00fcnstler Peter Engel f\u00fcr sein Lebenswerk verliehen. Die Kulturf\u00f6rderpreise gingen an die bildende K\u00fcnstlerin Barbara<\/p>\n","protected":false},"author":3,"featured_media":6787,"comment_status":"closed","ping_status":"open","sticky":false,"template":"","format":"standard","meta":{"ngg_post_thumbnail":0},"categories":[1],"tags":[],"jetpack_featured_media_url":"https:\/\/spd-stadtrat.de\/wp-content\/uploads\/2023\/11\/Kulturpreisverleihung_2023-scaled.jpg","_links":{"self":[{"href":"https:\/\/spd-stadtrat.de\/index.php?rest_route=\/wp\/v2\/posts\/6786"}],"collection":[{"href":"https:\/\/spd-stadtrat.de\/index.php?rest_route=\/wp\/v2\/posts"}],"about":[{"href":"https:\/\/spd-stadtrat.de\/index.php?rest_route=\/wp\/v2\/types\/post"}],"author":[{"embeddable":true,"href":"https:\/\/spd-stadtrat.de\/index.php?rest_route=\/wp\/v2\/users\/3"}],"replies":[{"embeddable":true,"href":"https:\/\/spd-stadtrat.de\/index.php?rest_route=%2Fwp%2Fv2%2Fcomments&post=6786"}],"version-history":[{"count":1,"href":"https:\/\/spd-stadtrat.de\/index.php?rest_route=\/wp\/v2\/posts\/6786\/revisions"}],"predecessor-version":[{"id":6788,"href":"https:\/\/spd-stadtrat.de\/index.php?rest_route=\/wp\/v2\/posts\/6786\/revisions\/6788"}],"wp:featuredmedia":[{"embeddable":true,"href":"https:\/\/spd-stadtrat.de\/index.php?rest_route=\/wp\/v2\/media\/6787"}],"wp:attachment":[{"href":"https:\/\/spd-stadtrat.de\/index.php?rest_route=%2Fwp%2Fv2%2Fmedia&parent=6786"}],"wp:term":[{"taxonomy":"category","embeddable":true,"href":"https:\/\/spd-stadtrat.de\/index.php?rest_route=%2Fwp%2Fv2%2Fcategories&post=6786"},{"taxonomy":"post_tag","embeddable":true,"href":"https:\/\/spd-stadtrat.de\/index.php?rest_route=%2Fwp%2Fv2%2Ftags&post=6786"}],"curies":[{"name":"wp","href":"https:\/\/api.w.org\/{rel}","templated":true}]}}