{"id":6811,"date":"2023-11-27T12:49:15","date_gmt":"2023-11-27T11:49:15","guid":{"rendered":"https:\/\/spd-stadtrat.de\/?p=6811"},"modified":"2023-11-27T13:01:22","modified_gmt":"2023-11-27T12:01:22","slug":"fiscalfuture-e-v-zur-finanzpolitik","status":"publish","type":"post","link":"https:\/\/spd-stadtrat.de\/?p=6811","title":{"rendered":"FiscalFuture e.V. zur Finanzpolitik"},"content":{"rendered":"\n<p>Die stellvertretende SPD-Fraktionsvorsitzende und sozialpolitische Sprecherin der <a href=\"https:\/\/www.facebook.com\/spdfraktionregensburg?__cft__[0]=AZUsGrOJ_KKKfYXsm1UNp8MvhcniY8pKqUx_wUeFDKQYhYDvxij1UFnQcyP3na12Ejsg9DJQUXQFh8b1PgJ2QTQh4VkeIhtW8i4dytq9-GgPO3pkQST4rGqyMjdtXEhTZDi6RXsEiaUpovBtJ_isq61FIc6JgZEfcTP-Dzi8z-dWReQJUHBLXkFtlYJV_crmtBw&amp;__tn__=-]K-R\">SPD-Stadtratsfraktion Regensburg<\/a>, <a href=\"https:\/\/www.facebook.com\/evelyn.kolbestockert?__cft__[0]=AZUsGrOJ_KKKfYXsm1UNp8MvhcniY8pKqUx_wUeFDKQYhYDvxij1UFnQcyP3na12Ejsg9DJQUXQFh8b1PgJ2QTQh4VkeIhtW8i4dytq9-GgPO3pkQST4rGqyMjdtXEhTZDi6RXsEiaUpovBtJ_isq61FIc6JgZEfcTP-Dzi8z-dWReQJUHBLXkFtlYJV_crmtBw&amp;__tn__=-]K-R\">Evelyn Kolbe-Stockert<\/a>, informierte sich beim politischen Fr\u00fchschoppen des <a href=\"https:\/\/www.facebook.com\/SPDUnterbezirkRegensburg?__cft__[0]=AZUsGrOJ_KKKfYXsm1UNp8MvhcniY8pKqUx_wUeFDKQYhYDvxij1UFnQcyP3na12Ejsg9DJQUXQFh8b1PgJ2QTQh4VkeIhtW8i4dytq9-GgPO3pkQST4rGqyMjdtXEhTZDi6RXsEiaUpovBtJ_isq61FIc6JgZEfcTP-Dzi8z-dWReQJUHBLXkFtlYJV_crmtBw&amp;__tn__=-]K-R\">SPD-Unterbezirks Regensburg<\/a>, initiiert durch MdB <a href=\"https:\/\/www.facebook.com\/carolinwagner.in?__cft__[0]=AZUsGrOJ_KKKfYXsm1UNp8MvhcniY8pKqUx_wUeFDKQYhYDvxij1UFnQcyP3na12Ejsg9DJQUXQFh8b1PgJ2QTQh4VkeIhtW8i4dytq9-GgPO3pkQST4rGqyMjdtXEhTZDi6RXsEiaUpovBtJ_isq61FIc6JgZEfcTP-Dzi8z-dWReQJUHBLXkFtlYJV_crmtBw&amp;__tn__=-]K-R\">Dr. Carolin Wagner<\/a>, \u00fcber die Einsch\u00e4tzung haushalterischen Arbeitens. Carl M\u00fchlbach von <a href=\"https:\/\/www.facebook.com\/profile.php?id=100085427322286&amp;__cft__[0]=AZUsGrOJ_KKKfYXsm1UNp8MvhcniY8pKqUx_wUeFDKQYhYDvxij1UFnQcyP3na12Ejsg9DJQUXQFh8b1PgJ2QTQh4VkeIhtW8i4dytq9-GgPO3pkQST4rGqyMjdtXEhTZDi6RXsEiaUpovBtJ_isq61FIc6JgZEfcTP-Dzi8z-dWReQJUHBLXkFtlYJV_crmtBw&amp;__tn__=-]K-R\">FiscalFuture<\/a> e.V. stand mit seiner Expertise Rede und Antwort. Gerade angesichts der bevorstehenden Haushaltssitzung im Regensburger Stadtrat hochaktuell.<\/p>\n\n\n\n<p>Bildunterschrift v. links: Carl M\u00fchlbach (FiscalFuture e.V.), stv. SPD-Fraktionsvorsitzende Evelyn Kolbe-Stockert, SPD-MdB Dr. Carolin Wagner, SPD-Unterbezirksvorsitzender Sebastian Koch <\/p>\n\n\n\n<p>Foto: Silvia Gross<\/p>\n","protected":false},"excerpt":{"rendered":"<p>Die stellvertretende SPD-Fraktionsvorsitzende und sozialpolitische Sprecherin der SPD-Stadtratsfraktion Regensburg, Evelyn Kolbe-Stockert, informierte sich beim politischen Fr\u00fchschoppen des SPD-Unterbezirks Regensburg, initiiert durch MdB Dr. Carolin Wagner, \u00fcber die Einsch\u00e4tzung haushalterischen Arbeitens. Carl M\u00fchlbach von FiscalFuture e.V. stand mit seiner Expertise Rede<\/p>\n","protected":false},"author":3,"featured_media":6812,"comment_status":"closed","ping_status":"open","sticky":false,"template":"","format":"standard","meta":{"ngg_post_thumbnail":0},"categories":[1],"tags":[],"jetpack_featured_media_url":"https:\/\/spd-stadtrat.de\/wp-content\/uploads\/2023\/11\/Politischer-Fruehschoppen-mit-Carl-Muehlbach-Fiscal-Future-3_26.11.2023.jpg","_links":{"self":[{"href":"https:\/\/spd-stadtrat.de\/index.php?rest_route=\/wp\/v2\/posts\/6811"}],"collection":[{"href":"https:\/\/spd-stadtrat.de\/index.php?rest_route=\/wp\/v2\/posts"}],"about":[{"href":"https:\/\/spd-stadtrat.de\/index.php?rest_route=\/wp\/v2\/types\/post"}],"author":[{"embeddable":true,"href":"https:\/\/spd-stadtrat.de\/index.php?rest_route=\/wp\/v2\/users\/3"}],"replies":[{"embeddable":true,"href":"https:\/\/spd-stadtrat.de\/index.php?rest_route=%2Fwp%2Fv2%2Fcomments&post=6811"}],"version-history":[{"count":2,"href":"https:\/\/spd-stadtrat.de\/index.php?rest_route=\/wp\/v2\/posts\/6811\/revisions"}],"predecessor-version":[{"id":6815,"href":"https:\/\/spd-stadtrat.de\/index.php?rest_route=\/wp\/v2\/posts\/6811\/revisions\/6815"}],"wp:featuredmedia":[{"embeddable":true,"href":"https:\/\/spd-stadtrat.de\/index.php?rest_route=\/wp\/v2\/media\/6812"}],"wp:attachment":[{"href":"https:\/\/spd-stadtrat.de\/index.php?rest_route=%2Fwp%2Fv2%2Fmedia&parent=6811"}],"wp:term":[{"taxonomy":"category","embeddable":true,"href":"https:\/\/spd-stadtrat.de\/index.php?rest_route=%2Fwp%2Fv2%2Fcategories&post=6811"},{"taxonomy":"post_tag","embeddable":true,"href":"https:\/\/spd-stadtrat.de\/index.php?rest_route=%2Fwp%2Fv2%2Ftags&post=6811"}],"curies":[{"name":"wp","href":"https:\/\/api.w.org\/{rel}","templated":true}]}}