{"id":6836,"date":"2023-12-04T13:42:47","date_gmt":"2023-12-04T12:42:47","guid":{"rendered":"https:\/\/spd-stadtrat.de\/?p=6836"},"modified":"2023-12-04T13:59:41","modified_gmt":"2023-12-04T12:59:41","slug":"6836","status":"publish","type":"post","link":"https:\/\/spd-stadtrat.de\/?p=6836","title":{"rendered":"Einsatzbegleitung der Polizei"},"content":{"rendered":"\n<p><a href=\"https:\/\/www.facebook.com\/hashtag\/sicherheit?__eep__=6&amp;__cft__[0]=AZUNLFMTm_KMeJmkjNOJG-i9WoKQcREfbJK_macp9yfexTuxwvSZORpABPNIra6ZJZ87na4sZPqKtiUmFveX5jNwlZYQXidQHmb-sP_4QHfutViKuLm6ouGDyT1dmilwNNV5gyrMI1nvqewwnSZXHfqdUSsTt3cuB0xS0SZH7CtaYFAr1kyfjRArbKeDrY7_Pis&amp;__tn__=*NK-R\">Sicherheit<\/a> im \u00d6ffentlichen Raum ist auch in <a href=\"https:\/\/www.facebook.com\/hashtag\/regensburg?__eep__=6&amp;__cft__[0]=AZUNLFMTm_KMeJmkjNOJG-i9WoKQcREfbJK_macp9yfexTuxwvSZORpABPNIra6ZJZ87na4sZPqKtiUmFveX5jNwlZYQXidQHmb-sP_4QHfutViKuLm6ouGDyT1dmilwNNV5gyrMI1nvqewwnSZXHfqdUSsTt3cuB0xS0SZH7CtaYFAr1kyfjRArbKeDrY7_Pis&amp;__tn__=*NK-R\">Regensburg<\/a> ein Thema. Zweimal konnte die <a href=\"https:\/\/www.facebook.com\/spdfraktionregensburg?__cft__[0]=AZUNLFMTm_KMeJmkjNOJG-i9WoKQcREfbJK_macp9yfexTuxwvSZORpABPNIra6ZJZ87na4sZPqKtiUmFveX5jNwlZYQXidQHmb-sP_4QHfutViKuLm6ouGDyT1dmilwNNV5gyrMI1nvqewwnSZXHfqdUSsTt3cuB0xS0SZH7CtaYFAr1kyfjRArbKeDrY7_Pis&amp;__tn__=-]K-R\">SPD Stadtratsfraktion Regensburg<\/a> die <a href=\"https:\/\/www.facebook.com\/hashtag\/polizei?__eep__=6&amp;__cft__[0]=AZUNLFMTm_KMeJmkjNOJG-i9WoKQcREfbJK_macp9yfexTuxwvSZORpABPNIra6ZJZ87na4sZPqKtiUmFveX5jNwlZYQXidQHmb-sP_4QHfutViKuLm6ouGDyT1dmilwNNV5gyrMI1nvqewwnSZXHfqdUSsTt3cuB0xS0SZH7CtaYFAr1kyfjRArbKeDrY7_Pis&amp;__tn__=*NK-R\">Polizei<\/a> bei der Arbeit begleiten. Die erste <a href=\"https:\/\/www.facebook.com\/hashtag\/begleitung?__eep__=6&amp;__cft__[0]=AZUNLFMTm_KMeJmkjNOJG-i9WoKQcREfbJK_macp9yfexTuxwvSZORpABPNIra6ZJZ87na4sZPqKtiUmFveX5jNwlZYQXidQHmb-sP_4QHfutViKuLm6ouGDyT1dmilwNNV5gyrMI1nvqewwnSZXHfqdUSsTt3cuB0xS0SZH7CtaYFAr1kyfjRArbKeDrY7_Pis&amp;__tn__=*NK-R\">Einsatzbegleitung<\/a> fand bereits Anfang November w\u00e4hrend einer <a href=\"https:\/\/www.facebook.com\/hashtag\/nachtschicht?__eep__=6&amp;__cft__[0]=AZUNLFMTm_KMeJmkjNOJG-i9WoKQcREfbJK_macp9yfexTuxwvSZORpABPNIra6ZJZ87na4sZPqKtiUmFveX5jNwlZYQXidQHmb-sP_4QHfutViKuLm6ouGDyT1dmilwNNV5gyrMI1nvqewwnSZXHfqdUSsTt3cuB0xS0SZH7CtaYFAr1kyfjRArbKeDrY7_Pis&amp;__tn__=*NK-R\">Nachtschicht<\/a> von Mitternacht bis in die fr\u00fchen Morgenstunden zwischen <a href=\"https:\/\/www.facebook.com\/hashtag\/hauptbahnhof?__eep__=6&amp;__cft__[0]=AZUNLFMTm_KMeJmkjNOJG-i9WoKQcREfbJK_macp9yfexTuxwvSZORpABPNIra6ZJZ87na4sZPqKtiUmFveX5jNwlZYQXidQHmb-sP_4QHfutViKuLm6ouGDyT1dmilwNNV5gyrMI1nvqewwnSZXHfqdUSsTt3cuB0xS0SZH7CtaYFAr1kyfjRArbKeDrY7_Pis&amp;__tn__=*NK-R\">Hauptbahnhof<\/a> und Altstadt im <a href=\"https:\/\/www.facebook.com\/hashtag\/alleeng%C3%BCrtel?__eep__=6&amp;__cft__[0]=AZUNLFMTm_KMeJmkjNOJG-i9WoKQcREfbJK_macp9yfexTuxwvSZORpABPNIra6ZJZ87na4sZPqKtiUmFveX5jNwlZYQXidQHmb-sP_4QHfutViKuLm6ouGDyT1dmilwNNV5gyrMI1nvqewwnSZXHfqdUSsTt3cuB0xS0SZH7CtaYFAr1kyfjRArbKeDrY7_Pis&amp;__tn__=*NK-R\">Alleeng\u00fcrtel<\/a> und im Bereich der <a href=\"https:\/\/www.facebook.com\/hashtag\/clubs?__eep__=6&amp;__cft__[0]=AZUNLFMTm_KMeJmkjNOJG-i9WoKQcREfbJK_macp9yfexTuxwvSZORpABPNIra6ZJZ87na4sZPqKtiUmFveX5jNwlZYQXidQHmb-sP_4QHfutViKuLm6ouGDyT1dmilwNNV5gyrMI1nvqewwnSZXHfqdUSsTt3cuB0xS0SZH7CtaYFAr1kyfjRArbKeDrY7_Pis&amp;__tn__=*NK-R\">Clubs<\/a> der sogenannten Feiermeile <a href=\"https:\/\/www.facebook.com\/hashtag\/oberm%C3%BCnsterviertel?__eep__=6&amp;__cft__[0]=AZUNLFMTm_KMeJmkjNOJG-i9WoKQcREfbJK_macp9yfexTuxwvSZORpABPNIra6ZJZ87na4sZPqKtiUmFveX5jNwlZYQXidQHmb-sP_4QHfutViKuLm6ouGDyT1dmilwNNV5gyrMI1nvqewwnSZXHfqdUSsTt3cuB0xS0SZH7CtaYFAr1kyfjRArbKeDrY7_Pis&amp;__tn__=*NK-R\">Oberm\u00fcnsterviertel<\/a> statt. W\u00e4hrend des Tages konnten wir zudem unl\u00e4ngst den Einsatz der erfolgreich agierenden <a href=\"https:\/\/www.facebook.com\/hashtag\/hundestaffel?__eep__=6&amp;__cft__[0]=AZUNLFMTm_KMeJmkjNOJG-i9WoKQcREfbJK_macp9yfexTuxwvSZORpABPNIra6ZJZ87na4sZPqKtiUmFveX5jNwlZYQXidQHmb-sP_4QHfutViKuLm6ouGDyT1dmilwNNV5gyrMI1nvqewwnSZXHfqdUSsTt3cuB0xS0SZH7CtaYFAr1kyfjRArbKeDrY7_Pis&amp;__tn__=*NK-R\">Hundestaffel<\/a> f\u00fcr Drogenfunde in der F\u00fcrst-Anselm-Allee rund um das <a href=\"https:\/\/www.facebook.com\/hashtag\/keplerdenkmal?__eep__=6&amp;__cft__[0]=AZUNLFMTm_KMeJmkjNOJG-i9WoKQcREfbJK_macp9yfexTuxwvSZORpABPNIra6ZJZ87na4sZPqKtiUmFveX5jNwlZYQXidQHmb-sP_4QHfutViKuLm6ouGDyT1dmilwNNV5gyrMI1nvqewwnSZXHfqdUSsTt3cuB0xS0SZH7CtaYFAr1kyfjRArbKeDrY7_Pis&amp;__tn__=*NK-R\">Keplerdenkmal<\/a> und das <a href=\"https:\/\/www.facebook.com\/hashtag\/milchschwammerl?__eep__=6&amp;__cft__[0]=AZUNLFMTm_KMeJmkjNOJG-i9WoKQcREfbJK_macp9yfexTuxwvSZORpABPNIra6ZJZ87na4sZPqKtiUmFveX5jNwlZYQXidQHmb-sP_4QHfutViKuLm6ouGDyT1dmilwNNV5gyrMI1nvqewwnSZXHfqdUSsTt3cuB0xS0SZH7CtaYFAr1kyfjRArbKeDrY7_Pis&amp;__tn__=*NK-R\">Milchschwammerl<\/a> beobachten. Unser <a href=\"https:\/\/www.facebook.com\/hashtag\/fazit?__eep__=6&amp;__cft__[0]=AZUNLFMTm_KMeJmkjNOJG-i9WoKQcREfbJK_macp9yfexTuxwvSZORpABPNIra6ZJZ87na4sZPqKtiUmFveX5jNwlZYQXidQHmb-sP_4QHfutViKuLm6ouGDyT1dmilwNNV5gyrMI1nvqewwnSZXHfqdUSsTt3cuB0xS0SZH7CtaYFAr1kyfjRArbKeDrY7_Pis&amp;__tn__=*NK-R\">Fazit<\/a>: Die Polizei macht gemeinsam mit dem Kommunalen Ordnungsservice der Stadt Regensburg sowie dem Sicherheitsdienst am Interims-ZOB einen hervorragenden Job. \u201eDie weitere <a href=\"https:\/\/www.facebook.com\/hashtag\/verbesserung?__eep__=6&amp;__cft__[0]=AZUNLFMTm_KMeJmkjNOJG-i9WoKQcREfbJK_macp9yfexTuxwvSZORpABPNIra6ZJZ87na4sZPqKtiUmFveX5jNwlZYQXidQHmb-sP_4QHfutViKuLm6ouGDyT1dmilwNNV5gyrMI1nvqewwnSZXHfqdUSsTt3cuB0xS0SZH7CtaYFAr1kyfjRArbKeDrY7_Pis&amp;__tn__=*NK-R\">Verbesserung<\/a> der Sicherheit beziehungsweise des <a href=\"https:\/\/www.facebook.com\/hashtag\/sicherheitsgef%C3%BChls?__eep__=6&amp;__cft__[0]=AZUNLFMTm_KMeJmkjNOJG-i9WoKQcREfbJK_macp9yfexTuxwvSZORpABPNIra6ZJZ87na4sZPqKtiUmFveX5jNwlZYQXidQHmb-sP_4QHfutViKuLm6ouGDyT1dmilwNNV5gyrMI1nvqewwnSZXHfqdUSsTt3cuB0xS0SZH7CtaYFAr1kyfjRArbKeDrY7_Pis&amp;__tn__=*NK-R\">Sicherheitsgef\u00fchls<\/a> an neuralgischen Punkten nahm und nimmt die SPD-Fraktion sehr ernst und wird dies weiterhin aktiv verfolgen und entsprechende Ma\u00dfnahmen unterst\u00fctzen. Danke an unsere Einsatzkr\u00e4fte f\u00fcr das gro\u00dfartige <a href=\"https:\/\/www.facebook.com\/hashtag\/engagement?__eep__=6&amp;__cft__[0]=AZUNLFMTm_KMeJmkjNOJG-i9WoKQcREfbJK_macp9yfexTuxwvSZORpABPNIra6ZJZ87na4sZPqKtiUmFveX5jNwlZYQXidQHmb-sP_4QHfutViKuLm6ouGDyT1dmilwNNV5gyrMI1nvqewwnSZXHfqdUSsTt3cuB0xS0SZH7CtaYFAr1kyfjRArbKeDrY7_Pis&amp;__tn__=*NK-R\">Engagement<\/a> und den t\u00e4glichen <a href=\"https:\/\/www.facebook.com\/hashtag\/schutz?__eep__=6&amp;__cft__[0]=AZUNLFMTm_KMeJmkjNOJG-i9WoKQcREfbJK_macp9yfexTuxwvSZORpABPNIra6ZJZ87na4sZPqKtiUmFveX5jNwlZYQXidQHmb-sP_4QHfutViKuLm6ouGDyT1dmilwNNV5gyrMI1nvqewwnSZXHfqdUSsTt3cuB0xS0SZH7CtaYFAr1kyfjRArbKeDrY7_Pis&amp;__tn__=*NK-R\">Schutz<\/a> unserer Sicherheit in Regensburg\u201c, so Fraktionsvorsitzender Dr. <a href=\"https:\/\/www.facebook.com\/Thomas112Burger?__cft__[0]=AZUNLFMTm_KMeJmkjNOJG-i9WoKQcREfbJK_macp9yfexTuxwvSZORpABPNIra6ZJZ87na4sZPqKtiUmFveX5jNwlZYQXidQHmb-sP_4QHfutViKuLm6ouGDyT1dmilwNNV5gyrMI1nvqewwnSZXHfqdUSsTt3cuB0xS0SZH7CtaYFAr1kyfjRArbKeDrY7_Pis&amp;__tn__=-]K-R\">Thomas Burger<\/a>. <\/p>\n\n\n\n<p><\/p>\n\n\n\n<p>Fotos: Silvia Gross<\/p>\n","protected":false},"excerpt":{"rendered":"<p>Sicherheit im \u00d6ffentlichen Raum ist auch in Regensburg ein Thema. Zweimal konnte die SPD Stadtratsfraktion Regensburg die Polizei bei der Arbeit begleiten. Die erste Einsatzbegleitung fand bereits Anfang November w\u00e4hrend einer Nachtschicht von Mitternacht bis in die fr\u00fchen Morgenstunden zwischen<\/p>\n","protected":false},"author":3,"featured_media":6837,"comment_status":"closed","ping_status":"open","sticky":false,"template":"","format":"standard","meta":{"ngg_post_thumbnail":0},"categories":[1],"tags":[],"jetpack_featured_media_url":"https:\/\/spd-stadtrat.de\/wp-content\/uploads\/2023\/12\/Einsatzbegleitung_Polizei-Nov.-2023.jpg","_links":{"self":[{"href":"https:\/\/spd-stadtrat.de\/index.php?rest_route=\/wp\/v2\/posts\/6836"}],"collection":[{"href":"https:\/\/spd-stadtrat.de\/index.php?rest_route=\/wp\/v2\/posts"}],"about":[{"href":"https:\/\/spd-stadtrat.de\/index.php?rest_route=\/wp\/v2\/types\/post"}],"author":[{"embeddable":true,"href":"https:\/\/spd-stadtrat.de\/index.php?rest_route=\/wp\/v2\/users\/3"}],"replies":[{"embeddable":true,"href":"https:\/\/spd-stadtrat.de\/index.php?rest_route=%2Fwp%2Fv2%2Fcomments&post=6836"}],"version-history":[{"count":3,"href":"https:\/\/spd-stadtrat.de\/index.php?rest_route=\/wp\/v2\/posts\/6836\/revisions"}],"predecessor-version":[{"id":6841,"href":"https:\/\/spd-stadtrat.de\/index.php?rest_route=\/wp\/v2\/posts\/6836\/revisions\/6841"}],"wp:featuredmedia":[{"embeddable":true,"href":"https:\/\/spd-stadtrat.de\/index.php?rest_route=\/wp\/v2\/media\/6837"}],"wp:attachment":[{"href":"https:\/\/spd-stadtrat.de\/index.php?rest_route=%2Fwp%2Fv2%2Fmedia&parent=6836"}],"wp:term":[{"taxonomy":"category","embeddable":true,"href":"https:\/\/spd-stadtrat.de\/index.php?rest_route=%2Fwp%2Fv2%2Fcategories&post=6836"},{"taxonomy":"post_tag","embeddable":true,"href":"https:\/\/spd-stadtrat.de\/index.php?rest_route=%2Fwp%2Fv2%2Ftags&post=6836"}],"curies":[{"name":"wp","href":"https:\/\/api.w.org\/{rel}","templated":true}]}}