{"id":6861,"date":"2023-12-11T13:17:16","date_gmt":"2023-12-11T12:17:16","guid":{"rendered":"https:\/\/spd-stadtrat.de\/?p=6861"},"modified":"2023-12-11T14:15:08","modified_gmt":"2023-12-11T13:15:08","slug":"gratulation-zu-25-jahre-freiwilligenagentur-regensburg","status":"publish","type":"post","link":"https:\/\/spd-stadtrat.de\/?p=6861","title":{"rendered":"Gratulation zu 25 Jahre FreiwilligenAgentur Regensburg"},"content":{"rendered":"\n<p>Die stellvertretende Fraktionsvorsitzende der <a href=\"https:\/\/www.facebook.com\/spdfraktionregensburg?__cft__[0]=AZWHtq8BT9_DIDhdSCQXyXJ_OlBx0I0HjoDMqjNVBR4j26XupT3fQ7ln7c4mLQJDwOs7a9zWUW2LTIZ1voF2XlGCC7u1bgSJ_JRRkTAWFW1PqynVMGSk6hCxTW42hmjY9ej9RA2HXhh9rJsp82i3590E&amp;__tn__=-]K-R\">SPD-Stadtratsfraktion Regensburg<\/a>, SPD-Sozialstadtr\u00e4tin <a href=\"https:\/\/www.facebook.com\/evelyn.kolbestockert?__cft__[0]=AZWHtq8BT9_DIDhdSCQXyXJ_OlBx0I0HjoDMqjNVBR4j26XupT3fQ7ln7c4mLQJDwOs7a9zWUW2LTIZ1voF2XlGCC7u1bgSJ_JRRkTAWFW1PqynVMGSk6hCxTW42hmjY9ej9RA2HXhh9rJsp82i3590E&amp;__tn__=-]K-R\">Evelyn Kolbe-Stockert<\/a>, nahm gemeinsam mit Fraktionskollege <a href=\"https:\/\/www.facebook.com\/alexander.irmisch75?__cft__[0]=AZWHtq8BT9_DIDhdSCQXyXJ_OlBx0I0HjoDMqjNVBR4j26XupT3fQ7ln7c4mLQJDwOs7a9zWUW2LTIZ1voF2XlGCC7u1bgSJ_JRRkTAWFW1PqynVMGSk6hCxTW42hmjY9ej9RA2HXhh9rJsp82i3590E&amp;__tn__=-]K-R\">Alexander Irmisch<\/a> an der <a href=\"https:\/\/www.facebook.com\/hashtag\/jubil%C3%A4umsfeier?__eep__=6&amp;__cft__[0]=AZWHtq8BT9_DIDhdSCQXyXJ_OlBx0I0HjoDMqjNVBR4j26XupT3fQ7ln7c4mLQJDwOs7a9zWUW2LTIZ1voF2XlGCC7u1bgSJ_JRRkTAWFW1PqynVMGSk6hCxTW42hmjY9ej9RA2HXhh9rJsp82i3590E&amp;__tn__=*NK-R\">Jubil\u00e4umsfeier<\/a> der FreiwilligenAgentur Regensburg teil, die mit einem sehr kurzweiligen Programm die <a href=\"https:\/\/www.facebook.com\/hashtag\/g%C3%A4ste?__eep__=6&amp;__cft__[0]=AZWHtq8BT9_DIDhdSCQXyXJ_OlBx0I0HjoDMqjNVBR4j26XupT3fQ7ln7c4mLQJDwOs7a9zWUW2LTIZ1voF2XlGCC7u1bgSJ_JRRkTAWFW1PqynVMGSk6hCxTW42hmjY9ej9RA2HXhh9rJsp82i3590E&amp;__tn__=*NK-R\">G\u00e4ste<\/a> begeisterte. Trotz des Wetters mit eisglatten B\u00fcrgersteigen kamen viele Wegbegleiterinnen und Wegbegleiter sowie nat\u00fcrlich viele <a href=\"https:\/\/www.facebook.com\/hashtag\/freiwillige?__eep__=6&amp;__cft__[0]=AZWHtq8BT9_DIDhdSCQXyXJ_OlBx0I0HjoDMqjNVBR4j26XupT3fQ7ln7c4mLQJDwOs7a9zWUW2LTIZ1voF2XlGCC7u1bgSJ_JRRkTAWFW1PqynVMGSk6hCxTW42hmjY9ej9RA2HXhh9rJsp82i3590E&amp;__tn__=*NK-R\">Freiwillige<\/a> und nicht zuletzt der gesamte F\u00f6rderverein der FreiwilligenAgentur. In interessanten Gespr\u00e4chsrunden und dem R\u00fcckblick durch die Leiterin der FreiwilligenAgentur, Maria Simon, wurden die vergangenen 25 Jahre lebendig. Der Bezirksgesch\u00e4ftsf\u00fchrer des Bezirksverbands <a href=\"https:\/\/www.facebook.com\/Der-Parit%C3%A4tische-206382202893377\/?__cft__[0]=AZWHtq8BT9_DIDhdSCQXyXJ_OlBx0I0HjoDMqjNVBR4j26XupT3fQ7ln7c4mLQJDwOs7a9zWUW2LTIZ1voF2XlGCC7u1bgSJ_JRRkTAWFW1PqynVMGSk6hCxTW42hmjY9ej9RA2HXhh9rJsp82i3590E&amp;__tn__=kK-R\">Der Parit\u00e4tische<\/a> Niederbayern Oberpfalz, Johannes Bischof, stellte die Tr\u00e4ger der FreiwilligenAgentur vor. Umrahmt wurde das Programm durch die fantastische Schulband der Albert-Schweitzer-Realschule. &#8222;Auch ich habe vor mehr als 20 Jahren bei der FreiwilligenAgentur einen Einsatzort f\u00fcr freiwilliges Engagement vermittelt bekommen, und bin immer noch mit dabei. Das spricht f\u00fcr die kompetente Beratung und Arbeit der Agentur. Auf die n\u00e4chsten 25 Jahre&#8220;, gratulierte Kolbe-Stockert den engagierten Ehrenamtlichen. <\/p>\n\n\n\n<p><\/p>\n\n\n\n<p>Bildunterschrift v. links: Gr\u00fcnen-Stadtr\u00e4tin Monir Sahedi, SPD-Stadtrat Alexander Irmisch, Leiterin der FreiwilligenAgentur Maria Simon, stv. SPD-Fraktionsvorsitzende Evelyn Kolbe-Stockert<\/p>\n\n\n\n<p>Foto: Evelyn Kolbe-Stockert<\/p>\n","protected":false},"excerpt":{"rendered":"<p>Die stellvertretende Fraktionsvorsitzende der SPD-Stadtratsfraktion Regensburg, SPD-Sozialstadtr\u00e4tin Evelyn Kolbe-Stockert, nahm gemeinsam mit Fraktionskollege Alexander Irmisch an der Jubil\u00e4umsfeier der FreiwilligenAgentur Regensburg teil, die mit einem sehr kurzweiligen Programm die G\u00e4ste begeisterte. Trotz des Wetters mit eisglatten B\u00fcrgersteigen kamen viele Wegbegleiterinnen<\/p>\n","protected":false},"author":3,"featured_media":6862,"comment_status":"closed","ping_status":"open","sticky":false,"template":"","format":"standard","meta":{"ngg_post_thumbnail":0},"categories":[1],"tags":[],"jetpack_featured_media_url":"https:\/\/spd-stadtrat.de\/wp-content\/uploads\/2023\/12\/25-Jahre-Freiwilligenagentur2_8.12.2023-scaled.jpg","_links":{"self":[{"href":"https:\/\/spd-stadtrat.de\/index.php?rest_route=\/wp\/v2\/posts\/6861"}],"collection":[{"href":"https:\/\/spd-stadtrat.de\/index.php?rest_route=\/wp\/v2\/posts"}],"about":[{"href":"https:\/\/spd-stadtrat.de\/index.php?rest_route=\/wp\/v2\/types\/post"}],"author":[{"embeddable":true,"href":"https:\/\/spd-stadtrat.de\/index.php?rest_route=\/wp\/v2\/users\/3"}],"replies":[{"embeddable":true,"href":"https:\/\/spd-stadtrat.de\/index.php?rest_route=%2Fwp%2Fv2%2Fcomments&post=6861"}],"version-history":[{"count":3,"href":"https:\/\/spd-stadtrat.de\/index.php?rest_route=\/wp\/v2\/posts\/6861\/revisions"}],"predecessor-version":[{"id":6866,"href":"https:\/\/spd-stadtrat.de\/index.php?rest_route=\/wp\/v2\/posts\/6861\/revisions\/6866"}],"wp:featuredmedia":[{"embeddable":true,"href":"https:\/\/spd-stadtrat.de\/index.php?rest_route=\/wp\/v2\/media\/6862"}],"wp:attachment":[{"href":"https:\/\/spd-stadtrat.de\/index.php?rest_route=%2Fwp%2Fv2%2Fmedia&parent=6861"}],"wp:term":[{"taxonomy":"category","embeddable":true,"href":"https:\/\/spd-stadtrat.de\/index.php?rest_route=%2Fwp%2Fv2%2Fcategories&post=6861"},{"taxonomy":"post_tag","embeddable":true,"href":"https:\/\/spd-stadtrat.de\/index.php?rest_route=%2Fwp%2Fv2%2Ftags&post=6861"}],"curies":[{"name":"wp","href":"https:\/\/api.w.org\/{rel}","templated":true}]}}