{"id":6922,"date":"2023-12-14T13:02:25","date_gmt":"2023-12-14T12:02:25","guid":{"rendered":"https:\/\/spd-stadtrat.de\/?p=6922"},"modified":"2023-12-14T13:02:26","modified_gmt":"2023-12-14T12:02:26","slug":"weihnachtsfeier-der-rengschburger-herzen","status":"publish","type":"post","link":"https:\/\/spd-stadtrat.de\/?p=6922","title":{"rendered":"Weihnachtsfeier der Rengschburger Herzen"},"content":{"rendered":"\n<p>Unsere SPD-Oberb\u00fcrgermeisterin Gertrud Maltz-Schwarzfischer bei der Weihnachtsfeier der Rengschburger Herzen e.V. Die Wahnsinnstruppe der Ehrenamtlichen um Arno Birkenfelder und Monika H\u00f6lzl luden erneut ein breitgef\u00e4chertes Publikum ein: Seniorinnen und Senioren, alleinerziehende M\u00fctter, Frauenh\u00e4user und Obdachlosenunterk\u00fcnfte sowie diverse Vereine und soziale Einrichtungen. Maltz-Schwarzfischer bedankte sich f\u00fcr das gro\u00dfe Engagement der Rengschburger Herzen e.V. und sicherte auch f\u00fcr die #Zukunft ihre Unterst\u00fctzung zu.<\/p>\n\n\n\n<p><\/p>\n\n\n\n<p>Foto: Rengschburger Herzen e.V.<\/p>\n","protected":false},"excerpt":{"rendered":"<p>Unsere SPD-Oberb\u00fcrgermeisterin Gertrud Maltz-Schwarzfischer bei der Weihnachtsfeier der Rengschburger Herzen e.V. Die Wahnsinnstruppe der Ehrenamtlichen um Arno Birkenfelder und Monika H\u00f6lzl luden erneut ein breitgef\u00e4chertes Publikum ein: Seniorinnen und Senioren, alleinerziehende M\u00fctter, Frauenh\u00e4user und Obdachlosenunterk\u00fcnfte sowie diverse Vereine und soziale<\/p>\n","protected":false},"author":3,"featured_media":6923,"comment_status":"closed","ping_status":"open","sticky":false,"template":"","format":"standard","meta":{"ngg_post_thumbnail":0},"categories":[1],"tags":[],"jetpack_featured_media_url":"https:\/\/spd-stadtrat.de\/wp-content\/uploads\/2023\/12\/D1_Rengschburger-Herzen-1_Weihnachtsfeier-2023.jpg","_links":{"self":[{"href":"https:\/\/spd-stadtrat.de\/index.php?rest_route=\/wp\/v2\/posts\/6922"}],"collection":[{"href":"https:\/\/spd-stadtrat.de\/index.php?rest_route=\/wp\/v2\/posts"}],"about":[{"href":"https:\/\/spd-stadtrat.de\/index.php?rest_route=\/wp\/v2\/types\/post"}],"author":[{"embeddable":true,"href":"https:\/\/spd-stadtrat.de\/index.php?rest_route=\/wp\/v2\/users\/3"}],"replies":[{"embeddable":true,"href":"https:\/\/spd-stadtrat.de\/index.php?rest_route=%2Fwp%2Fv2%2Fcomments&post=6922"}],"version-history":[{"count":1,"href":"https:\/\/spd-stadtrat.de\/index.php?rest_route=\/wp\/v2\/posts\/6922\/revisions"}],"predecessor-version":[{"id":6924,"href":"https:\/\/spd-stadtrat.de\/index.php?rest_route=\/wp\/v2\/posts\/6922\/revisions\/6924"}],"wp:featuredmedia":[{"embeddable":true,"href":"https:\/\/spd-stadtrat.de\/index.php?rest_route=\/wp\/v2\/media\/6923"}],"wp:attachment":[{"href":"https:\/\/spd-stadtrat.de\/index.php?rest_route=%2Fwp%2Fv2%2Fmedia&parent=6922"}],"wp:term":[{"taxonomy":"category","embeddable":true,"href":"https:\/\/spd-stadtrat.de\/index.php?rest_route=%2Fwp%2Fv2%2Fcategories&post=6922"},{"taxonomy":"post_tag","embeddable":true,"href":"https:\/\/spd-stadtrat.de\/index.php?rest_route=%2Fwp%2Fv2%2Ftags&post=6922"}],"curies":[{"name":"wp","href":"https:\/\/api.w.org\/{rel}","templated":true}]}}