{"id":7000,"date":"2023-12-19T14:21:09","date_gmt":"2023-12-19T13:21:09","guid":{"rendered":"https:\/\/spd-stadtrat.de\/?p=7000"},"modified":"2023-12-19T14:25:37","modified_gmt":"2023-12-19T13:25:37","slug":"besuch-im-inklusiven-friedhofscafe-vielfalt","status":"publish","type":"post","link":"https:\/\/spd-stadtrat.de\/?p=7000","title":{"rendered":"Besuch im inklusiven Friedhofscaf\u00e9 Vielfalt"},"content":{"rendered":"\n<p>Eine besondere Einrichtung der Lebenshilfe Regensburg e.V. besuchten heute der Stadtverband der SPD Regensburg gemeinsam mit der SPD-Stadtratsfraktion Regensburg. Das einzigartige inklusive Friedhofscaf\u00e9 Vielfalt punktet mit der Lage im Evangelischen Zentralfriedhof ebenso wie mit dem inklusiven Konzept f\u00fcr Menschen mit und ohne Behinderung, die hier arbeiten, sowie mit den liebevoll zubereiteten Speisen. Friedrich Weinbeck, 1. Vorsitzender, und Gesch\u00e4ftsf\u00fchrer Johann Halbritter informierten \u00fcber das Caf\u00e9 Vielfalt und \u00fcber das Engagement der Regensburger Lebenshilfe allgemein. Inklusion wird hier vorbildlich gelebt. Weil Vielfalt normal ist.<\/p>\n\n\n\n<p><\/p>\n\n\n\n<p>Bildunterschrift v. links: SPD-Vorsitzende Claudia Neumaier, Friedrich Weinbeck (1. Vorsitzender der Lebenshilfe Regensburg e.V.), stv. Fraktionsvorsitzende Evelyn Kolbe-Stockert, SPD-Stadtrat Alexander Irmisch, SPD-Fraktionsgesch\u00e4ftsf\u00fchrerin Silvia Gross, Johann Halbritter (Gesch\u00e4ftsf\u00fchrer der Lebenshilfe Regensburg e.V.), SPD-Vorsitzender Raphael Birnstiel  im Caf\u00e9 Vielfalt<\/p>\n\n\n\n<p>Foto: Caf\u00e9 Vielfalt<\/p>\n\n\n\n<p><\/p>\n\n\n\n<p><\/p>\n","protected":false},"excerpt":{"rendered":"<p>Eine besondere Einrichtung der Lebenshilfe Regensburg e.V. besuchten heute der Stadtverband der SPD Regensburg gemeinsam mit der SPD-Stadtratsfraktion Regensburg. Das einzigartige inklusive Friedhofscaf\u00e9 Vielfalt punktet mit der Lage im Evangelischen Zentralfriedhof ebenso wie mit dem inklusiven Konzept f\u00fcr Menschen mit<\/p>\n","protected":false},"author":3,"featured_media":7001,"comment_status":"closed","ping_status":"open","sticky":false,"template":"","format":"standard","meta":{"ngg_post_thumbnail":0},"categories":[1],"tags":[],"jetpack_featured_media_url":"https:\/\/spd-stadtrat.de\/wp-content\/uploads\/2023\/12\/Cafe-Vielfalt-1_19.12.2023.jpg","_links":{"self":[{"href":"https:\/\/spd-stadtrat.de\/index.php?rest_route=\/wp\/v2\/posts\/7000"}],"collection":[{"href":"https:\/\/spd-stadtrat.de\/index.php?rest_route=\/wp\/v2\/posts"}],"about":[{"href":"https:\/\/spd-stadtrat.de\/index.php?rest_route=\/wp\/v2\/types\/post"}],"author":[{"embeddable":true,"href":"https:\/\/spd-stadtrat.de\/index.php?rest_route=\/wp\/v2\/users\/3"}],"replies":[{"embeddable":true,"href":"https:\/\/spd-stadtrat.de\/index.php?rest_route=%2Fwp%2Fv2%2Fcomments&post=7000"}],"version-history":[{"count":4,"href":"https:\/\/spd-stadtrat.de\/index.php?rest_route=\/wp\/v2\/posts\/7000\/revisions"}],"predecessor-version":[{"id":7006,"href":"https:\/\/spd-stadtrat.de\/index.php?rest_route=\/wp\/v2\/posts\/7000\/revisions\/7006"}],"wp:featuredmedia":[{"embeddable":true,"href":"https:\/\/spd-stadtrat.de\/index.php?rest_route=\/wp\/v2\/media\/7001"}],"wp:attachment":[{"href":"https:\/\/spd-stadtrat.de\/index.php?rest_route=%2Fwp%2Fv2%2Fmedia&parent=7000"}],"wp:term":[{"taxonomy":"category","embeddable":true,"href":"https:\/\/spd-stadtrat.de\/index.php?rest_route=%2Fwp%2Fv2%2Fcategories&post=7000"},{"taxonomy":"post_tag","embeddable":true,"href":"https:\/\/spd-stadtrat.de\/index.php?rest_route=%2Fwp%2Fv2%2Ftags&post=7000"}],"curies":[{"name":"wp","href":"https:\/\/api.w.org\/{rel}","templated":true}]}}