{"id":7063,"date":"2024-01-29T14:22:20","date_gmt":"2024-01-29T13:22:20","guid":{"rendered":"https:\/\/spd-stadtrat.de\/?p=7063"},"modified":"2024-01-29T14:37:41","modified_gmt":"2024-01-29T13:37:41","slug":"alles-rief-heil-eroeffnung-der-installation-von-christian-springer","status":"publish","type":"post","link":"https:\/\/spd-stadtrat.de\/?p=7063","title":{"rendered":"&#8222;Alles rief Heil&#8220; &#8211; Er\u00f6ffnung der Installation von Christian Springer"},"content":{"rendered":"\n<p>SPD-<a href=\"https:\/\/www.facebook.com\/oberbuergermeisterin.maltz.schwarzfischer?__cft__[0]=AZULVml2seOBMi3PIw61it1fY-2hYGR9UOu54P7XBjllCbrPMY_GGVoPQpn6P-AREeQ3GWYLqJ1WkzTj4hb8iv2ColZnnHEdXFOBfLSgs8cYBrM6Dk2Ef79h_PMYJse3jlWva5278C4n0W2a1h-o8QFr&amp;__tn__=-]K-R\">Oberb\u00fcrgermeisterin Gertrud Maltz-Schwarzfischer<\/a> er\u00f6ffnete gemeinsam mit <a href=\"https:\/\/www.facebook.com\/springerchristian01?__cft__[0]=AZULVml2seOBMi3PIw61it1fY-2hYGR9UOu54P7XBjllCbrPMY_GGVoPQpn6P-AREeQ3GWYLqJ1WkzTj4hb8iv2ColZnnHEdXFOBfLSgs8cYBrM6Dk2Ef79h_PMYJse3jlWva5278C4n0W2a1h-o8QFr&amp;__tn__=-]K-R\">Christian Springer<\/a> seine <a href=\"https:\/\/www.facebook.com\/hashtag\/installation?__eep__=6&amp;__cft__[0]=AZULVml2seOBMi3PIw61it1fY-2hYGR9UOu54P7XBjllCbrPMY_GGVoPQpn6P-AREeQ3GWYLqJ1WkzTj4hb8iv2ColZnnHEdXFOBfLSgs8cYBrM6Dk2Ef79h_PMYJse3jlWva5278C4n0W2a1h-o8QFr&amp;__tn__=*NK-R\">Installation<\/a> &#8222;Alles rief Heil&#8220; anl\u00e4sslich 100 Jahre <a href=\"https:\/\/www.facebook.com\/hashtag\/hitlerputsch?__eep__=6&amp;__cft__[0]=AZULVml2seOBMi3PIw61it1fY-2hYGR9UOu54P7XBjllCbrPMY_GGVoPQpn6P-AREeQ3GWYLqJ1WkzTj4hb8iv2ColZnnHEdXFOBfLSgs8cYBrM6Dk2Ef79h_PMYJse3jlWva5278C4n0W2a1h-o8QFr&amp;__tn__=*NK-R\">Hitlerputsch<\/a>. Die Installation des Stuhls, der den Stuhl darstellt, den Hitler bei seinem Putsch am 8. November 1923 im M\u00fcnchner B\u00fcrgerbr\u00e4ukeller bestieg, um bewaffnet die Regierung abzusetzen, zeigt die Mechanismen von <a href=\"https:\/\/www.facebook.com\/hashtag\/populismus?__eep__=6&amp;__cft__[0]=AZULVml2seOBMi3PIw61it1fY-2hYGR9UOu54P7XBjllCbrPMY_GGVoPQpn6P-AREeQ3GWYLqJ1WkzTj4hb8iv2ColZnnHEdXFOBfLSgs8cYBrM6Dk2Ef79h_PMYJse3jlWva5278C4n0W2a1h-o8QFr&amp;__tn__=*NK-R\">Populismus<\/a> und <a href=\"https:\/\/www.facebook.com\/hashtag\/hetze?__eep__=6&amp;__cft__[0]=AZULVml2seOBMi3PIw61it1fY-2hYGR9UOu54P7XBjllCbrPMY_GGVoPQpn6P-AREeQ3GWYLqJ1WkzTj4hb8iv2ColZnnHEdXFOBfLSgs8cYBrM6Dk2Ef79h_PMYJse3jlWva5278C4n0W2a1h-o8QFr&amp;__tn__=*NK-R\">Hetze<\/a>, die auch heute wieder Urst\u00e4nd feiern. &#8222;Unsere <a href=\"https:\/\/www.facebook.com\/hashtag\/demokratie?__eep__=6&amp;__cft__[0]=AZULVml2seOBMi3PIw61it1fY-2hYGR9UOu54P7XBjllCbrPMY_GGVoPQpn6P-AREeQ3GWYLqJ1WkzTj4hb8iv2ColZnnHEdXFOBfLSgs8cYBrM6Dk2Ef79h_PMYJse3jlWva5278C4n0W2a1h-o8QFr&amp;__tn__=*NK-R\">Demokratie<\/a> muss immer wieder neu gelebt und gesch\u00fctzt werden&#8220;, so Maltz-Schwarzfischer unter dem Beifall der zahlreichen Anwesenden. Die beeindruckende und sehenswerte Installation des M\u00fcnchner Kabarettisten, Autors und Aktivisten Springer, die er gemeinsam mit Elias Strickler und der Initiative Schulterschluss initiiert hat, ist auf dem Regensburger Haidplatz f\u00fcr drei Wochen zu sehen.<\/p>\n\n\n\n<p><\/p>\n\n\n\n<p>Von links: SPD-Fraktionsvorsitzender Dr. Thomas Burger, Christian Springer, SPD-Fraktionsgesch\u00e4ftsf\u00fchrerin Silvia Gross, SPD-Oberb\u00fcrgermeisterin Gertrud Maltz-Schwarzfischer, SPD-Bezirksrat Bruno Lehmeier, SPD-Stadtrat und kulturpolitischer Sprecher Alexander Irmisch, stv. SPD-Fraktionsvorsitzender Evelyn Kolbe-Stockert, Beate B\u00fcttner (AK Juristen in der SPD), Monika Sehn (SPD-Frauen), Matthias Jobst (ehem. SPD-Landtagskandidat), Gaby Griese-Heindl (B\u00fcndnis f\u00fcr Toleranz und Menschenrechte im Landkreis Regensburg)<\/p>\n\n\n\n<p><\/p>\n\n\n\n<p>Foto: Stefan Effenhauser<\/p>\n","protected":false},"excerpt":{"rendered":"<p>SPD-Oberb\u00fcrgermeisterin Gertrud Maltz-Schwarzfischer er\u00f6ffnete gemeinsam mit Christian Springer seine Installation &#8222;Alles rief Heil&#8220; anl\u00e4sslich 100 Jahre Hitlerputsch. Die Installation des Stuhls, der den Stuhl darstellt, den Hitler bei seinem Putsch am 8. November 1923 im M\u00fcnchner B\u00fcrgerbr\u00e4ukeller bestieg, um bewaffnet<\/p>\n","protected":false},"author":3,"featured_media":7064,"comment_status":"closed","ping_status":"open","sticky":false,"template":"","format":"standard","meta":{"ngg_post_thumbnail":0},"categories":[1],"tags":[],"jetpack_featured_media_url":"https:\/\/spd-stadtrat.de\/wp-content\/uploads\/2024\/01\/Alles-rief-Heil-1_Installation-von-Christian-Springer_27.1.2024.jpg","_links":{"self":[{"href":"https:\/\/spd-stadtrat.de\/index.php?rest_route=\/wp\/v2\/posts\/7063"}],"collection":[{"href":"https:\/\/spd-stadtrat.de\/index.php?rest_route=\/wp\/v2\/posts"}],"about":[{"href":"https:\/\/spd-stadtrat.de\/index.php?rest_route=\/wp\/v2\/types\/post"}],"author":[{"embeddable":true,"href":"https:\/\/spd-stadtrat.de\/index.php?rest_route=\/wp\/v2\/users\/3"}],"replies":[{"embeddable":true,"href":"https:\/\/spd-stadtrat.de\/index.php?rest_route=%2Fwp%2Fv2%2Fcomments&post=7063"}],"version-history":[{"count":6,"href":"https:\/\/spd-stadtrat.de\/index.php?rest_route=\/wp\/v2\/posts\/7063\/revisions"}],"predecessor-version":[{"id":7072,"href":"https:\/\/spd-stadtrat.de\/index.php?rest_route=\/wp\/v2\/posts\/7063\/revisions\/7072"}],"wp:featuredmedia":[{"embeddable":true,"href":"https:\/\/spd-stadtrat.de\/index.php?rest_route=\/wp\/v2\/media\/7064"}],"wp:attachment":[{"href":"https:\/\/spd-stadtrat.de\/index.php?rest_route=%2Fwp%2Fv2%2Fmedia&parent=7063"}],"wp:term":[{"taxonomy":"category","embeddable":true,"href":"https:\/\/spd-stadtrat.de\/index.php?rest_route=%2Fwp%2Fv2%2Fcategories&post=7063"},{"taxonomy":"post_tag","embeddable":true,"href":"https:\/\/spd-stadtrat.de\/index.php?rest_route=%2Fwp%2Fv2%2Ftags&post=7063"}],"curies":[{"name":"wp","href":"https:\/\/api.w.org\/{rel}","templated":true}]}}