{"id":7081,"date":"2024-02-02T11:09:21","date_gmt":"2024-02-02T10:09:21","guid":{"rendered":"https:\/\/spd-stadtrat.de\/?p=7081"},"modified":"2024-02-02T11:09:22","modified_gmt":"2024-02-02T10:09:22","slug":"oberbuergermeisterin-gertrud-maltz-schwarzfischer-im-presseclub","status":"publish","type":"post","link":"https:\/\/spd-stadtrat.de\/?p=7081","title":{"rendered":"Oberb\u00fcrgermeisterin Gertrud Maltz-Schwarzfischer im PresseClub"},"content":{"rendered":"\n<p>Im Gespr\u00e4ch mit dem BR-Journalisten Sebastian Grosser stellte sich Regensburgs SPD-Oberb\u00fcrgermeisterin Gertrud Maltz-Schwarzfischer seinen Fragen sowie den Fragen weiterer Journalisten und des Publikums. Stadtentwicklung, Verkehr, Sicherheit, Wirtschaft waren nur einige der Themen, die bei diesem Bilanzgespr\u00e4ch zur Sprache kamen. Fazit der Regensburger Spitzenpolitikerin: &#8222;Regensburg ist eine lebens- und liebenswerte Stadt. Es ist ein Privileg, f\u00fcr sie arbeiten und in ihr leben zu d\u00fcrfen. Die Menschen, die sich hier so vielf\u00e4ltig engagieren, machen unsere Stadt zu dem, was sie ist: Unsere Heimat.&#8220; Die Mitglieder der SPD-Stadtratsfraktion lie\u00dfen sich diesen Abend nat\u00fcrlich nicht entgehen.<\/p>\n","protected":false},"excerpt":{"rendered":"<p>Im Gespr\u00e4ch mit dem BR-Journalisten Sebastian Grosser stellte sich Regensburgs SPD-Oberb\u00fcrgermeisterin Gertrud Maltz-Schwarzfischer seinen Fragen sowie den Fragen weiterer Journalisten und des Publikums. Stadtentwicklung, Verkehr, Sicherheit, Wirtschaft waren nur einige der Themen, die bei diesem Bilanzgespr\u00e4ch zur Sprache kamen. Fazit<\/p>\n","protected":false},"author":3,"featured_media":7082,"comment_status":"closed","ping_status":"open","sticky":false,"template":"","format":"standard","meta":{"ngg_post_thumbnail":0},"categories":[1],"tags":[],"jetpack_featured_media_url":"https:\/\/spd-stadtrat.de\/wp-content\/uploads\/2024\/02\/OB-Gertrud-Maltz-Schwarzfischer-im-Presseclub3_1.2.2024.jpg","_links":{"self":[{"href":"https:\/\/spd-stadtrat.de\/index.php?rest_route=\/wp\/v2\/posts\/7081"}],"collection":[{"href":"https:\/\/spd-stadtrat.de\/index.php?rest_route=\/wp\/v2\/posts"}],"about":[{"href":"https:\/\/spd-stadtrat.de\/index.php?rest_route=\/wp\/v2\/types\/post"}],"author":[{"embeddable":true,"href":"https:\/\/spd-stadtrat.de\/index.php?rest_route=\/wp\/v2\/users\/3"}],"replies":[{"embeddable":true,"href":"https:\/\/spd-stadtrat.de\/index.php?rest_route=%2Fwp%2Fv2%2Fcomments&post=7081"}],"version-history":[{"count":1,"href":"https:\/\/spd-stadtrat.de\/index.php?rest_route=\/wp\/v2\/posts\/7081\/revisions"}],"predecessor-version":[{"id":7083,"href":"https:\/\/spd-stadtrat.de\/index.php?rest_route=\/wp\/v2\/posts\/7081\/revisions\/7083"}],"wp:featuredmedia":[{"embeddable":true,"href":"https:\/\/spd-stadtrat.de\/index.php?rest_route=\/wp\/v2\/media\/7082"}],"wp:attachment":[{"href":"https:\/\/spd-stadtrat.de\/index.php?rest_route=%2Fwp%2Fv2%2Fmedia&parent=7081"}],"wp:term":[{"taxonomy":"category","embeddable":true,"href":"https:\/\/spd-stadtrat.de\/index.php?rest_route=%2Fwp%2Fv2%2Fcategories&post=7081"},{"taxonomy":"post_tag","embeddable":true,"href":"https:\/\/spd-stadtrat.de\/index.php?rest_route=%2Fwp%2Fv2%2Ftags&post=7081"}],"curies":[{"name":"wp","href":"https:\/\/api.w.org\/{rel}","templated":true}]}}