{"id":7086,"date":"2024-02-05T13:26:18","date_gmt":"2024-02-05T12:26:18","guid":{"rendered":"https:\/\/spd-stadtrat.de\/?p=7086"},"modified":"2024-02-05T13:26:45","modified_gmt":"2024-02-05T12:26:45","slug":"radi-radi","status":"publish","type":"post","link":"https:\/\/spd-stadtrat.de\/?p=7086","title":{"rendered":"Radi, Radi!"},"content":{"rendered":"\n<p>Unsere&nbsp;<a href=\"https:\/\/www.facebook.com\/oberbuergermeisterin.maltz.schwarzfischer?__cft__[0]=AZVaAaiOmObLhYgl739qiPyBGVM7j4qyJqo6EocRFO1_rbZXAGusUAB3a4iXh_kkAaxuG9GN3s17X4biPfdpjOs0q2J-WS7ba4J1iBocYm9CbhXGf7QiVdKFNWhAW4T0Oxw&amp;__tn__=-]K*F\">Oberb\u00fcrgermeisterin Gertrud Maltz-Schwarzfischer<\/a>&nbsp;freute sich als rote Musketier und Stadtoberhaupt \u00fcber den legend\u00e4ren Ostbayerischen&nbsp;<a href=\"https:\/\/www.facebook.com\/hashtag\/faschingszug?__eep__=6&amp;__cft__[0]=AZVaAaiOmObLhYgl739qiPyBGVM7j4qyJqo6EocRFO1_rbZXAGusUAB3a4iXh_kkAaxuG9GN3s17X4biPfdpjOs0q2J-WS7ba4J1iBocYm9CbhXGf7QiVdKFNWhAW4T0Oxw&amp;__tn__=*NK*F\">Faschingszug<\/a>&nbsp;durch&nbsp;<a href=\"https:\/\/www.facebook.com\/hashtag\/regensburg?__eep__=6&amp;__cft__[0]=AZVaAaiOmObLhYgl739qiPyBGVM7j4qyJqo6EocRFO1_rbZXAGusUAB3a4iXh_kkAaxuG9GN3s17X4biPfdpjOs0q2J-WS7ba4J1iBocYm9CbhXGf7QiVdKFNWhAW4T0Oxw&amp;__tn__=*NK*F\">Regensburg<\/a>.<\/p>\n\n\n\n<p><\/p>\n\n\n\n<p>Foto: Pressestelle Stadt Regensburg <\/p>\n","protected":false},"excerpt":{"rendered":"<p>Unsere&nbsp;Oberb\u00fcrgermeisterin Gertrud Maltz-Schwarzfischer&nbsp;freute sich als rote Musketier und Stadtoberhaupt \u00fcber den legend\u00e4ren Ostbayerischen&nbsp;Faschingszug&nbsp;durch&nbsp;Regensburg. Foto: Pressestelle Stadt Regensburg<\/p>\n","protected":false},"author":3,"featured_media":7087,"comment_status":"closed","ping_status":"open","sticky":false,"template":"","format":"standard","meta":{"ngg_post_thumbnail":0},"categories":[1],"tags":[],"jetpack_featured_media_url":"https:\/\/spd-stadtrat.de\/wp-content\/uploads\/2024\/02\/OB-Gertrud-Maltz-Schwarzfischer-_-Ostbayerischer-Faschingszug-in-Rgb._4.2.2024.jpg","_links":{"self":[{"href":"https:\/\/spd-stadtrat.de\/index.php?rest_route=\/wp\/v2\/posts\/7086"}],"collection":[{"href":"https:\/\/spd-stadtrat.de\/index.php?rest_route=\/wp\/v2\/posts"}],"about":[{"href":"https:\/\/spd-stadtrat.de\/index.php?rest_route=\/wp\/v2\/types\/post"}],"author":[{"embeddable":true,"href":"https:\/\/spd-stadtrat.de\/index.php?rest_route=\/wp\/v2\/users\/3"}],"replies":[{"embeddable":true,"href":"https:\/\/spd-stadtrat.de\/index.php?rest_route=%2Fwp%2Fv2%2Fcomments&post=7086"}],"version-history":[{"count":2,"href":"https:\/\/spd-stadtrat.de\/index.php?rest_route=\/wp\/v2\/posts\/7086\/revisions"}],"predecessor-version":[{"id":7089,"href":"https:\/\/spd-stadtrat.de\/index.php?rest_route=\/wp\/v2\/posts\/7086\/revisions\/7089"}],"wp:featuredmedia":[{"embeddable":true,"href":"https:\/\/spd-stadtrat.de\/index.php?rest_route=\/wp\/v2\/media\/7087"}],"wp:attachment":[{"href":"https:\/\/spd-stadtrat.de\/index.php?rest_route=%2Fwp%2Fv2%2Fmedia&parent=7086"}],"wp:term":[{"taxonomy":"category","embeddable":true,"href":"https:\/\/spd-stadtrat.de\/index.php?rest_route=%2Fwp%2Fv2%2Fcategories&post=7086"},{"taxonomy":"post_tag","embeddable":true,"href":"https:\/\/spd-stadtrat.de\/index.php?rest_route=%2Fwp%2Fv2%2Ftags&post=7086"}],"curies":[{"name":"wp","href":"https:\/\/api.w.org\/{rel}","templated":true}]}}