{"id":7095,"date":"2024-02-07T16:02:22","date_gmt":"2024-02-07T15:02:22","guid":{"rendered":"https:\/\/spd-stadtrat.de\/?p=7095"},"modified":"2024-02-07T16:02:24","modified_gmt":"2024-02-07T15:02:24","slug":"spd-fraktion-demonstriert-gemeinsam-mit-christian-springer-gegen-rechts","status":"publish","type":"post","link":"https:\/\/spd-stadtrat.de\/?p=7095","title":{"rendered":"SPD-Fraktion demonstriert gemeinsam mit Christian Springer gegen Rechts"},"content":{"rendered":"\n<p>R\u00fcckschau auf die SPD-Stadtratsfraktion Regensburg stabil gegen Rechts in Regensburg unterwegs. Zuletzt war dies am 27. Januar, dem Holocaustgedenktag der Fall, gemeinsam mit Kabarettist, Autor und Menschenrechtsaktivist Christian Springer, zugleich Gr\u00fcnder von Orienthelfer e.V. sowie der Initiative SCHULTERSCHLUSS, der auf dem Domplatz eine fulminante Rede gegen rechte Umtriebe hielt: &#8222;Wer bei den Rechten mitl\u00e4uft oder die Rechten mitlaufen l\u00e4sst, der bekommt braune Flecken.&#8220; SPD-Fraktionschef Dr. Thomas Burger sekundierte Springer mit der \u00dcberzeugung, dass es Aufgabe aller Demokratinnen und Demokraten sei, rechten und menschenverachtenden Str\u00f6mungen gegen\u00fcber immer wieder klare Kante zu zeigen, egal in welchem Gewand sie daher kommen. Evelyn Kolbe-Stockert, stellvertretende Fraktionsvorsitzende, sowie Gesch\u00e4ftsf\u00fchrerin Silvia Gross sahen es ebenfalls als ihre B\u00fcrgerpflicht an, hier gemeinsam mit 3000 Regensburgerinnen und Regensburgern\u00a0 Gesicht zu zeigen. Herzlichen Dank an die Initiative gegen Rechts &#8211; Regensburg f\u00fcr die wieder einmal hervorragende und schnelle Organisation.<\/p>\n\n\n\n<p>Foto: Dennis Forster<\/p>\n\n\n\n<p>Bildunterschrift v. links: SPD-Stadtverbandsvorsitzende Claudia Neumaier, Kabarettist Christian Springer, Gesch\u00e4ftsf\u00fchrerin Silvia Gross, Dr. Gabriele Griese-Heindl (B\u00fcndnis f\u00fcr Toleranz und Menschenrechte in Landkreis Regensburg), Gerhard Hain, SPD-Fraktionsvorsitzender Dr. Thomas Burger<\/p>\n","protected":false},"excerpt":{"rendered":"<p>R\u00fcckschau auf die SPD-Stadtratsfraktion Regensburg stabil gegen Rechts in Regensburg unterwegs. Zuletzt war dies am 27. Januar, dem Holocaustgedenktag der Fall, gemeinsam mit Kabarettist, Autor und Menschenrechtsaktivist Christian Springer, zugleich Gr\u00fcnder von Orienthelfer e.V. sowie der Initiative SCHULTERSCHLUSS, der auf<\/p>\n","protected":false},"author":3,"featured_media":7096,"comment_status":"closed","ping_status":"open","sticky":false,"template":"","format":"standard","meta":{"ngg_post_thumbnail":0},"categories":[1],"tags":[],"jetpack_featured_media_url":"https:\/\/spd-stadtrat.de\/wp-content\/uploads\/2024\/02\/Gegendemo-gegen-Rechts-5_27.1.2024.jpg","_links":{"self":[{"href":"https:\/\/spd-stadtrat.de\/index.php?rest_route=\/wp\/v2\/posts\/7095"}],"collection":[{"href":"https:\/\/spd-stadtrat.de\/index.php?rest_route=\/wp\/v2\/posts"}],"about":[{"href":"https:\/\/spd-stadtrat.de\/index.php?rest_route=\/wp\/v2\/types\/post"}],"author":[{"embeddable":true,"href":"https:\/\/spd-stadtrat.de\/index.php?rest_route=\/wp\/v2\/users\/3"}],"replies":[{"embeddable":true,"href":"https:\/\/spd-stadtrat.de\/index.php?rest_route=%2Fwp%2Fv2%2Fcomments&post=7095"}],"version-history":[{"count":1,"href":"https:\/\/spd-stadtrat.de\/index.php?rest_route=\/wp\/v2\/posts\/7095\/revisions"}],"predecessor-version":[{"id":7097,"href":"https:\/\/spd-stadtrat.de\/index.php?rest_route=\/wp\/v2\/posts\/7095\/revisions\/7097"}],"wp:featuredmedia":[{"embeddable":true,"href":"https:\/\/spd-stadtrat.de\/index.php?rest_route=\/wp\/v2\/media\/7096"}],"wp:attachment":[{"href":"https:\/\/spd-stadtrat.de\/index.php?rest_route=%2Fwp%2Fv2%2Fmedia&parent=7095"}],"wp:term":[{"taxonomy":"category","embeddable":true,"href":"https:\/\/spd-stadtrat.de\/index.php?rest_route=%2Fwp%2Fv2%2Fcategories&post=7095"},{"taxonomy":"post_tag","embeddable":true,"href":"https:\/\/spd-stadtrat.de\/index.php?rest_route=%2Fwp%2Fv2%2Ftags&post=7095"}],"curies":[{"name":"wp","href":"https:\/\/api.w.org\/{rel}","templated":true}]}}