{"id":7227,"date":"2024-03-19T10:58:10","date_gmt":"2024-03-19T09:58:10","guid":{"rendered":"https:\/\/spd-stadtrat.de\/?p=7227"},"modified":"2024-03-19T11:17:30","modified_gmt":"2024-03-19T10:17:30","slug":"lesung-mit-bundespraesident-a-d-dr-joachim-gauck-2","status":"publish","type":"post","link":"https:\/\/spd-stadtrat.de\/?p=7227","title":{"rendered":"Lesung mit Bundespr\u00e4sident a.D. Dr. Joachim Gauck"},"content":{"rendered":"\n<p>Bundespr\u00e4sident a.D. Dr. Joachim Gauck sprach auf Einladung von SPD-MdB Dr. Carolin Wagner im bis auf den letzten Platz gef\u00fcllten Neuhaussaal. Der Wert der Demokratie, seine Erfahrungen als Bundespr\u00e4sident und Demokratie-Aktivist in der ehemaligen DDR sowie auch die derzeitige Weltlage angesichts des russischen Angriffskriegs auf die Ukraine, der bevorstehenden Pr\u00e4sidentschaftswahlen in den USA, Hetze, Verunsicherung und Fake News im Netz waren einige der Themen, die Gauck und das Publikum fast zwei Stunden lang bewegten. Gauck sch\u00f6pfte aus einem schier unendlichen Fundus an Wissen und Erfahrung. Oberb\u00fcrgermeisterin Gertrud Maltz-Schwarzfischer, SPD-Stadtrat Alexander Irmisch und Fraktionsgesch\u00e4ftsf\u00fchrerin Silvia Gross waren begeisterte G\u00e4ste dieses ermutigenden Abends, dessen Stimmung Gauck treffend beschrieb: &#8222;Ich bin f\u00fcr Zuversicht zust\u00e4ndig in unserem Land.&#8220;<\/p>\n\n\n\n<p>Von links: Theater-Intendant Sebastian Ritschel, Kaufm\u00e4nnischer Direktor des Stadttheaters Regensburg Dr. Matthias Schloderer, Bundespr\u00e4sident a.D. Dr. Joachim Gauck. Oberb\u00fcrgermeisterin Gertrud Maltz-Schwarzfischer, SPD-Bundestagsabgeordnete Dr. Carolin Wagner<\/p>\n\n\n\n<p>Fotos: Tom Leather<\/p>\n","protected":false},"excerpt":{"rendered":"<p>Bundespr\u00e4sident a.D. Dr. Joachim Gauck sprach auf Einladung von SPD-MdB Dr. Carolin Wagner im bis auf den letzten Platz gef\u00fcllten Neuhaussaal. Der Wert der Demokratie, seine Erfahrungen als Bundespr\u00e4sident und Demokratie-Aktivist in der ehemaligen DDR sowie auch die derzeitige Weltlage<\/p>\n","protected":false},"author":3,"featured_media":7228,"comment_status":"closed","ping_status":"open","sticky":false,"template":"","format":"standard","meta":{"ngg_post_thumbnail":0},"categories":[1],"tags":[],"jetpack_featured_media_url":"https:\/\/spd-stadtrat.de\/wp-content\/uploads\/2024\/03\/Bundespraesident-a.D.-Dr.-Joachim-Gauck-1_4.3.2024.jpg","_links":{"self":[{"href":"https:\/\/spd-stadtrat.de\/index.php?rest_route=\/wp\/v2\/posts\/7227"}],"collection":[{"href":"https:\/\/spd-stadtrat.de\/index.php?rest_route=\/wp\/v2\/posts"}],"about":[{"href":"https:\/\/spd-stadtrat.de\/index.php?rest_route=\/wp\/v2\/types\/post"}],"author":[{"embeddable":true,"href":"https:\/\/spd-stadtrat.de\/index.php?rest_route=\/wp\/v2\/users\/3"}],"replies":[{"embeddable":true,"href":"https:\/\/spd-stadtrat.de\/index.php?rest_route=%2Fwp%2Fv2%2Fcomments&post=7227"}],"version-history":[{"count":3,"href":"https:\/\/spd-stadtrat.de\/index.php?rest_route=\/wp\/v2\/posts\/7227\/revisions"}],"predecessor-version":[{"id":7238,"href":"https:\/\/spd-stadtrat.de\/index.php?rest_route=\/wp\/v2\/posts\/7227\/revisions\/7238"}],"wp:featuredmedia":[{"embeddable":true,"href":"https:\/\/spd-stadtrat.de\/index.php?rest_route=\/wp\/v2\/media\/7228"}],"wp:attachment":[{"href":"https:\/\/spd-stadtrat.de\/index.php?rest_route=%2Fwp%2Fv2%2Fmedia&parent=7227"}],"wp:term":[{"taxonomy":"category","embeddable":true,"href":"https:\/\/spd-stadtrat.de\/index.php?rest_route=%2Fwp%2Fv2%2Fcategories&post=7227"},{"taxonomy":"post_tag","embeddable":true,"href":"https:\/\/spd-stadtrat.de\/index.php?rest_route=%2Fwp%2Fv2%2Ftags&post=7227"}],"curies":[{"name":"wp","href":"https:\/\/api.w.org\/{rel}","templated":true}]}}