{"id":7239,"date":"2024-03-19T11:30:25","date_gmt":"2024-03-19T10:30:25","guid":{"rendered":"https:\/\/spd-stadtrat.de\/?p=7239"},"modified":"2024-03-19T11:30:45","modified_gmt":"2024-03-19T10:30:45","slug":"weltfrauentag-2024-3","status":"publish","type":"post","link":"https:\/\/spd-stadtrat.de\/?p=7239","title":{"rendered":"Weltfrauentag 2024"},"content":{"rendered":"\n<p>Die SPD-Stadtratsfraktion Regensburg war gemeinsam mit den SPD-Frauen Regensburg und deren Vorsitzenden Andrea Diermeier sowie SPD-MdB Dr. Carolin Wagner bei der Frauenmesse im Raum f\u00fcr Engagement vertreten. Die stellvertretende Fraktionsvorsitzende Evelyn Kolbe-Stockert \u00fcbernahm einen Teil der Standbetreuung mit dem Team der Fraktionsgesch\u00e4ftsstelle Silvia Gross und Heike Boin. Die Frauenmesse wurde organisiert vom B\u00fcro f\u00fcr Chancengleichheit der Stadt Regensburg.<\/p>\n\n\n\n<p><\/p>\n\n\n\n<p>Foto: Elisabeth Wiesner<\/p>\n","protected":false},"excerpt":{"rendered":"<p>Die SPD-Stadtratsfraktion Regensburg war gemeinsam mit den SPD-Frauen Regensburg und deren Vorsitzenden Andrea Diermeier sowie SPD-MdB Dr. Carolin Wagner bei der Frauenmesse im Raum f\u00fcr Engagement vertreten. Die stellvertretende Fraktionsvorsitzende Evelyn Kolbe-Stockert \u00fcbernahm einen Teil der Standbetreuung mit dem Team<\/p>\n","protected":false},"author":3,"featured_media":7222,"comment_status":"closed","ping_status":"open","sticky":false,"template":"","format":"standard","meta":{"ngg_post_thumbnail":0},"categories":[1],"tags":[],"jetpack_featured_media_url":"https:\/\/spd-stadtrat.de\/wp-content\/uploads\/2024\/03\/Weltfrauentag-2-1.jpg","_links":{"self":[{"href":"https:\/\/spd-stadtrat.de\/index.php?rest_route=\/wp\/v2\/posts\/7239"}],"collection":[{"href":"https:\/\/spd-stadtrat.de\/index.php?rest_route=\/wp\/v2\/posts"}],"about":[{"href":"https:\/\/spd-stadtrat.de\/index.php?rest_route=\/wp\/v2\/types\/post"}],"author":[{"embeddable":true,"href":"https:\/\/spd-stadtrat.de\/index.php?rest_route=\/wp\/v2\/users\/3"}],"replies":[{"embeddable":true,"href":"https:\/\/spd-stadtrat.de\/index.php?rest_route=%2Fwp%2Fv2%2Fcomments&post=7239"}],"version-history":[{"count":2,"href":"https:\/\/spd-stadtrat.de\/index.php?rest_route=\/wp\/v2\/posts\/7239\/revisions"}],"predecessor-version":[{"id":7241,"href":"https:\/\/spd-stadtrat.de\/index.php?rest_route=\/wp\/v2\/posts\/7239\/revisions\/7241"}],"wp:featuredmedia":[{"embeddable":true,"href":"https:\/\/spd-stadtrat.de\/index.php?rest_route=\/wp\/v2\/media\/7222"}],"wp:attachment":[{"href":"https:\/\/spd-stadtrat.de\/index.php?rest_route=%2Fwp%2Fv2%2Fmedia&parent=7239"}],"wp:term":[{"taxonomy":"category","embeddable":true,"href":"https:\/\/spd-stadtrat.de\/index.php?rest_route=%2Fwp%2Fv2%2Fcategories&post=7239"},{"taxonomy":"post_tag","embeddable":true,"href":"https:\/\/spd-stadtrat.de\/index.php?rest_route=%2Fwp%2Fv2%2Ftags&post=7239"}],"curies":[{"name":"wp","href":"https:\/\/api.w.org\/{rel}","templated":true}]}}